
{"id":193214,"date":"2025-09-10T18:28:22","date_gmt":"2025-09-10T21:28:22","guid":{"rendered":"https:\/\/www.politicosdosuldabahia.com.br\/v1\/?p=193214"},"modified":"2025-09-10T18:28:22","modified_gmt":"2025-09-10T21:28:22","slug":"pedro-tavares-volta-a-cobrar-solucoes-para-a-falta-de-voos-regionais-na-bahia","status":"publish","type":"post","link":"https:\/\/www.politicosdosuldabahia.com.br\/v1\/2025\/09\/10\/pedro-tavares-volta-a-cobrar-solucoes-para-a-falta-de-voos-regionais-na-bahia\/","title":{"rendered":"PEDRO TAVARES VOLTA A COBRAR SOLU\u00c7\u00d5ES PARA A FALTA DE VOOS REGIONAIS NA BAHIA"},"content":{"rendered":"<h3><img loading=\"lazy\" decoding=\"async\" class=\"alignnone size-full wp-image-193215 aligncenter\" src=\"http:\/\/www.politicosdosuldabahia.com.br\/v1\/wp-content\/uploads\/2025\/09\/WhatsApp-Image-2025-09-10-at-18.22.35.jpeg\" alt=\"\" width=\"455\" height=\"402\" srcset=\"https:\/\/www.politicosdosuldabahia.com.br\/v1\/wp-content\/uploads\/2025\/09\/WhatsApp-Image-2025-09-10-at-18.22.35.jpeg 455w, https:\/\/www.politicosdosuldabahia.com.br\/v1\/wp-content\/uploads\/2025\/09\/WhatsApp-Image-2025-09-10-at-18.22.35-300x265.jpeg 300w\" sizes=\"(max-width: 455px) 100vw, 455px\" \/><\/h3>\n<h3 style=\"text-align: justify\">O deputado estadual Pedro Tavares (Uni\u00e3o) voltou a questionar ontem (09\/09), durante reuni\u00e3o da Comiss\u00e3o de Infraestrutura, Desenvolvimento Econ\u00f4mico e Turismo da Assembleia Legislativa da Bahia (ALBA), as dificuldades em rela\u00e7\u00e3o aos voos regionais para o interior do estado. Tavares denunciou novamente os preju\u00edzos causados pela falta de voos diretos, citando o caso de Ilh\u00e9us, uma das cidades tur\u00edsticas mais importantes da Bahia, que sofre com a escassez de op\u00e7\u00f5es e pre\u00e7os abusivos nas passagens. O parlamentar apelou por uma solu\u00e7\u00e3o, ao lado do l\u00edder da Oposi\u00e7\u00e3o, Tiago Correia (PSDB) que exp\u00f4s o cen\u00e1rio, citando a cidade de Vit\u00f3ria da Conquista.<\/h3>\n<h3 style=\"text-align: justify\">\u201cEu j\u00e1 solicitei diversas vezes aos governos estadual e federal a\u00e7\u00f5es para minimizar essa situa\u00e7\u00e3o vergonhosa para a Bahia, que prejudica o turismo e a economia. A Bahia est\u00e1 praticamente ilhada. Hoje voc\u00ea n\u00e3o consegue mais viajar dentro do pr\u00f3prio estado. Primeiro, porque quase n\u00e3o h\u00e1 voos saindo de Salvador para o interior. E quando existem, os pre\u00e7os s\u00e3o absurdos: quase R$ 8 mil em uma passagem de ida e volta de apenas uma hora. Com esse valor, \u00e9 poss\u00edvel viajar para a Europa ou os Estados Unidos\u201d, criticou.<\/h3>\n<h3 style=\"text-align: justify\">Tavares destacou a dificuldade enfrentada por quem tenta chegar a Ilh\u00e9us: \u201cUma cidade tur\u00edstica como Ilh\u00e9us s\u00f3 tem dois voos diretos por semana, com pre\u00e7os alt\u00edssimos. Quem tenta voar com conex\u00e3o enfrenta outro problema: um trajeto que deveria durar 45 minutos acaba virando uma viagem de mais de seis horas, saindo de Salvador, indo para S\u00e3o Paulo, com longas espera no aeroporto para depois chegar em Ilh\u00e9us.\u201d, enfatizou.<\/h3>\n","protected":false},"excerpt":{"rendered":"<p>O deputado estadual Pedro Tavares (Uni\u00e3o) voltou a questionar ontem (09\/09), durante reuni\u00e3o da Comiss\u00e3o de Infraestrutura, Desenvolvimento Econ\u00f4mico e Turismo da Assembleia Legislativa da Bahia (ALBA), as dificuldades em rela\u00e7\u00e3o aos voos regionais para o interior do estado. Tavares denunciou novamente os preju\u00edzos causados pela falta de voos diretos, citando o caso de Ilh\u00e9us, [&hellip;]<\/p>\n","protected":false},"author":992,"featured_media":193215,"comment_status":"open","ping_status":"closed","sticky":false,"template":"","format":"standard","meta":{"footnotes":"","_links_to":"","_links_to_target":""},"categories":[3],"tags":[],"class_list":["post-193214","post","type-post","status-publish","format-standard","has-post-thumbnail","hentry","category-cidades"],"views":167,"_links":{"self":[{"href":"https:\/\/www.politicosdosuldabahia.com.br\/v1\/wp-json\/wp\/v2\/posts\/193214"}],"collection":[{"href":"https:\/\/www.politicosdosuldabahia.com.br\/v1\/wp-json\/wp\/v2\/posts"}],"about":[{"href":"https:\/\/www.politicosdosuldabahia.com.br\/v1\/wp-json\/wp\/v2\/types\/post"}],"author":[{"embeddable":true,"href":"https:\/\/www.politicosdosuldabahia.com.br\/v1\/wp-json\/wp\/v2\/users\/992"}],"replies":[{"embeddable":true,"href":"https:\/\/www.politicosdosuldabahia.com.br\/v1\/wp-json\/wp\/v2\/comments?post=193214"}],"version-history":[{"count":1,"href":"https:\/\/www.politicosdosuldabahia.com.br\/v1\/wp-json\/wp\/v2\/posts\/193214\/revisions"}],"predecessor-version":[{"id":193216,"href":"https:\/\/www.politicosdosuldabahia.com.br\/v1\/wp-json\/wp\/v2\/posts\/193214\/revisions\/193216"}],"wp:featuredmedia":[{"embeddable":true,"href":"https:\/\/www.politicosdosuldabahia.com.br\/v1\/wp-json\/wp\/v2\/media\/193215"}],"wp:attachment":[{"href":"https:\/\/www.politicosdosuldabahia.com.br\/v1\/wp-json\/wp\/v2\/media?parent=193214"}],"wp:term":[{"taxonomy":"category","embeddable":true,"href":"https:\/\/www.politicosdosuldabahia.com.br\/v1\/wp-json\/wp\/v2\/categories?post=193214"},{"taxonomy":"post_tag","embeddable":true,"href":"https:\/\/www.politicosdosuldabahia.com.br\/v1\/wp-json\/wp\/v2\/tags?post=193214"}],"curies":[{"name":"wp","href":"https:\/\/api.w.org\/{rel}","templated":true}]}}