
{"id":193210,"date":"2025-09-10T16:50:36","date_gmt":"2025-09-10T19:50:36","guid":{"rendered":"https:\/\/www.politicosdosuldabahia.com.br\/v1\/?p=193210"},"modified":"2025-09-10T16:50:36","modified_gmt":"2025-09-10T19:50:36","slug":"itape-prefeitura-acelera-reforma-de-unidade-de-saude-e-anuncia-acao-especial-dia-das-criancas","status":"publish","type":"post","link":"https:\/\/www.politicosdosuldabahia.com.br\/v1\/2025\/09\/10\/itape-prefeitura-acelera-reforma-de-unidade-de-saude-e-anuncia-acao-especial-dia-das-criancas\/","title":{"rendered":"ITAP\u00c9: PREFEITURA ACELERA REFORMA DE UNIDADE DE SA\u00daDE E ANUNCIA A\u00c7\u00c3O ESPECIAL DIA DAS CRIAN\u00c7AS"},"content":{"rendered":"<p>&nbsp;<\/p>\n<p><img loading=\"lazy\" decoding=\"async\" class=\"size-full wp-image-193211 aligncenter\" src=\"http:\/\/www.politicosdosuldabahia.com.br\/v1\/wp-content\/uploads\/2025\/09\/WhatsApp-Image-2025-09-10-at-16.21.40.jpeg\" alt=\"\" width=\"364\" height=\"455\" srcset=\"https:\/\/www.politicosdosuldabahia.com.br\/v1\/wp-content\/uploads\/2025\/09\/WhatsApp-Image-2025-09-10-at-16.21.40.jpeg 364w, https:\/\/www.politicosdosuldabahia.com.br\/v1\/wp-content\/uploads\/2025\/09\/WhatsApp-Image-2025-09-10-at-16.21.40-240x300.jpeg 240w\" sizes=\"(max-width: 364px) 100vw, 364px\" \/><\/p>\n<h3 style=\"text-align: justify\">A Prefeitura de Itap\u00e9, atrav\u00e9s do prefeito Reinaldo das Batatas, por meio de suas secretarias municipais, tem refor\u00e7ado o compromisso com a popula\u00e7\u00e3o em \u00e1reas fundamentais como Sa\u00fade, Educa\u00e7\u00e3o, Assist\u00eancia Social e Lazer, com importantes a\u00e7\u00f5es neste m\u00eas de setembro.<\/h3>\n<p>&nbsp;<\/p>\n<h3 style=\"text-align: justify\"><strong>Programa\u00e7\u00e3o especial para o Dia das Crian\u00e7as<\/strong><\/h3>\n<h3 style=\"text-align: justify\">Com data prevista para ser divulgada em breve, a Secretaria Municipal de Educa\u00e7\u00e3o prepara uma grande programa\u00e7\u00e3o para celebrar o Dia das Crian\u00e7as. Com destaque para a Carreta Estrela, diversas brincadeiras, lanches, divers\u00e3o e muito mais, prometendo oferecer momentos de lazer e alegria \u00e0 Crian\u00e7ada Itapeense.<\/h3>\n<h3><\/h3>\n<h3 style=\"text-align: justify\"><strong>Unidade de Sa\u00fade do Bairro C\u00e2ndida Bispo<\/strong><\/h3>\n<h3 style=\"text-align: justify\">Com previs\u00e3o de ser entregue nas pr\u00f3ximas semanas, a USF Jos\u00e9 Menezes, do bairro C\u00e2ndido Bispo, est\u00e1 prestes a contar com uma unidade de sa\u00fade totalmente renovada.<\/h3>\n<h3 style=\"text-align: justify\">O governo municipal promove uma ampla reforma que inclui troca completa do piso, novas portas, pintura geral, cobertura e muito mais a exemplo de aquisi\u00e7\u00e3o de novos equipamentos, tudo com objetivo de acelerar a entrega do espa\u00e7o, garantindo mais conforto e humaniza\u00e7\u00e3o no atendimento aos moradores locais.<\/h3>\n","protected":false},"excerpt":{"rendered":"<p>&nbsp; A Prefeitura de Itap\u00e9, atrav\u00e9s do prefeito Reinaldo das Batatas, por meio de suas secretarias municipais, tem refor\u00e7ado o compromisso com a popula\u00e7\u00e3o em \u00e1reas fundamentais como Sa\u00fade, Educa\u00e7\u00e3o, Assist\u00eancia Social e Lazer, com importantes a\u00e7\u00f5es neste m\u00eas de setembro. &nbsp; Programa\u00e7\u00e3o especial para o Dia das Crian\u00e7as Com data prevista para ser divulgada [&hellip;]<\/p>\n","protected":false},"author":992,"featured_media":193211,"comment_status":"open","ping_status":"closed","sticky":false,"template":"","format":"standard","meta":{"footnotes":"","_links_to":"","_links_to_target":""},"categories":[3],"tags":[],"class_list":["post-193210","post","type-post","status-publish","format-standard","has-post-thumbnail","hentry","category-cidades"],"views":185,"_links":{"self":[{"href":"https:\/\/www.politicosdosuldabahia.com.br\/v1\/wp-json\/wp\/v2\/posts\/193210"}],"collection":[{"href":"https:\/\/www.politicosdosuldabahia.com.br\/v1\/wp-json\/wp\/v2\/posts"}],"about":[{"href":"https:\/\/www.politicosdosuldabahia.com.br\/v1\/wp-json\/wp\/v2\/types\/post"}],"author":[{"embeddable":true,"href":"https:\/\/www.politicosdosuldabahia.com.br\/v1\/wp-json\/wp\/v2\/users\/992"}],"replies":[{"embeddable":true,"href":"https:\/\/www.politicosdosuldabahia.com.br\/v1\/wp-json\/wp\/v2\/comments?post=193210"}],"version-history":[{"count":1,"href":"https:\/\/www.politicosdosuldabahia.com.br\/v1\/wp-json\/wp\/v2\/posts\/193210\/revisions"}],"predecessor-version":[{"id":193212,"href":"https:\/\/www.politicosdosuldabahia.com.br\/v1\/wp-json\/wp\/v2\/posts\/193210\/revisions\/193212"}],"wp:featuredmedia":[{"embeddable":true,"href":"https:\/\/www.politicosdosuldabahia.com.br\/v1\/wp-json\/wp\/v2\/media\/193211"}],"wp:attachment":[{"href":"https:\/\/www.politicosdosuldabahia.com.br\/v1\/wp-json\/wp\/v2\/media?parent=193210"}],"wp:term":[{"taxonomy":"category","embeddable":true,"href":"https:\/\/www.politicosdosuldabahia.com.br\/v1\/wp-json\/wp\/v2\/categories?post=193210"},{"taxonomy":"post_tag","embeddable":true,"href":"https:\/\/www.politicosdosuldabahia.com.br\/v1\/wp-json\/wp\/v2\/tags?post=193210"}],"curies":[{"name":"wp","href":"https:\/\/api.w.org\/{rel}","templated":true}]}}