
{"id":193198,"date":"2025-09-10T14:46:16","date_gmt":"2025-09-10T17:46:16","guid":{"rendered":"https:\/\/www.politicosdosuldabahia.com.br\/v1\/?p=193198"},"modified":"2025-09-10T14:46:16","modified_gmt":"2025-09-10T17:46:16","slug":"ilheus-so-em-2025-materno-infantil-de-ilheus-ja-atendeu-pacientes-de-mais-de-17-estados-brasileiros","status":"publish","type":"post","link":"https:\/\/www.politicosdosuldabahia.com.br\/v1\/2025\/09\/10\/ilheus-so-em-2025-materno-infantil-de-ilheus-ja-atendeu-pacientes-de-mais-de-17-estados-brasileiros\/","title":{"rendered":"ILH\u00c9US: S\u00d3 EM 2025, MATERNO-INFANTIL DE ILH\u00c9US J\u00c1 ATENDEU PACIENTES DE MAIS DE 17 ESTADOS BRASILEIROS"},"content":{"rendered":"<h3 style=\"text-align: justify\"><img loading=\"lazy\" decoding=\"async\" class=\"size-full wp-image-193199 aligncenter\" src=\"http:\/\/www.politicosdosuldabahia.com.br\/v1\/wp-content\/uploads\/2025\/09\/WhatsApp-Image-2025-09-10-at-14.38.11.jpeg\" alt=\"\" width=\"450\" height=\"450\" srcset=\"https:\/\/www.politicosdosuldabahia.com.br\/v1\/wp-content\/uploads\/2025\/09\/WhatsApp-Image-2025-09-10-at-14.38.11.jpeg 450w, https:\/\/www.politicosdosuldabahia.com.br\/v1\/wp-content\/uploads\/2025\/09\/WhatsApp-Image-2025-09-10-at-14.38.11-300x300.jpeg 300w, https:\/\/www.politicosdosuldabahia.com.br\/v1\/wp-content\/uploads\/2025\/09\/WhatsApp-Image-2025-09-10-at-14.38.11-150x150.jpeg 150w\" sizes=\"(max-width: 450px) 100vw, 450px\" \/><br \/>\nOs princ\u00edpios doutrin\u00e1rios do Sistema \u00danico de Sa\u00fade (SUS) s\u00e3o: Universaliza\u00e7\u00e3o, que garante o acesso \u00e0 sa\u00fade como direito de todos; Integralidade, que prev\u00ea um atendimento completo, da preven\u00e7\u00e3o \u00e0 reabilita\u00e7\u00e3o; e Equidade, que trata cada indiv\u00edduo conforme suas necessidades, promovendo a igualdade.<\/h3>\n<h3 style=\"text-align: justify\"><\/h3>\n<h3 style=\"text-align: justify\">Por isso, projetado para atender prioritariamente \u00e0 popula\u00e7\u00e3o de 20 munic\u00edpios do sul e baixo sul da Bahia, o Hospital Materno-Infantil Dr. Joaquim Sampaio, em Ilh\u00e9us, unidade do Governo da Bahia gerida pela Funda\u00e7\u00e3o Estatal Sa\u00fade da Fam\u00edlia (FESF-SUS), tornou-se refer\u00eancia pela qualidade da assist\u00eancia. De janeiro a agosto de 2025, a unidade acolheu n\u00e3o apenas moradores dessas regi\u00f5es, mas tamb\u00e9m gestantes e crian\u00e7as de diversas partes da Bahia e at\u00e9 de 17 outros estados brasileiros, o que demonstra a confian\u00e7a nacional nos servi\u00e7os ofertados e refor\u00e7a o papel de Ilh\u00e9us como destino tur\u00edstico com suporte hospitalar de excel\u00eancia.<\/h3>\n<h3 style=\"text-align: justify\"><\/h3>\n<h3 style=\"text-align: justify\">Neste ano, al\u00e9m de milhares de baianos, j\u00e1 passaram pela unidade moradores de S\u00e3o Paulo, Minas Gerais, Goi\u00e1s, Esp\u00edrito Santo, Santa Catarina, Para\u00edba, Maranh\u00e3o, Rio de Janeiro, Rio Grande do Sul, Tocantins, Mato Grosso, Mato Grosso do Sul, Pernambuco, Sergipe, Cear\u00e1, Par\u00e1 e Distrito Federal.<\/h3>\n<h3 style=\"text-align: justify\"><\/h3>\n<h3 style=\"text-align: justify\">O crescimento da demanda \u00e9 cont\u00ednuo. Em 2023, o hospital recebeu pacientes de 14 estados. J\u00e1 em 2024, foram 17 estados. Desde a inaugura\u00e7\u00e3o, em dezembro de 2021, at\u00e9 31 de agosto de 2025, o Materno-Infantil j\u00e1 realizou 11.506 partos, sendo 450 de mulheres ind\u00edgenas,\u00a0 popula\u00e7\u00e3o atendida de forma exclusiva na Bahia. Nesse per\u00edodo, foram registradas mais de 25 mil interna\u00e7\u00f5es, 69 mil atendimentos, 229 mil exames e seis mil cirurgias.<\/h3>\n<h3 style=\"text-align: justify\"><\/h3>\n<h3 style=\"text-align: justify\"><\/h3>\n<h3 style=\"text-align: justify\">*Sobre a unidade*<\/h3>\n<h3 style=\"text-align: justify\"><\/h3>\n<h3 style=\"text-align: justify\">A estrutura conta com 105 leitos de interna\u00e7\u00e3o, sendo 10 de UTI Neonatal (UTI Neo) e 25 de semi-intensiva, al\u00e9m de cinco leitos no Centro de Parto Normal Intra-hospitalar. O hospital \u00e9 refer\u00eancia para urg\u00eancias e emerg\u00eancias de toda a regi\u00e3o e est\u00e1 preparado para partos de risco, gesta\u00e7\u00f5es de alto risco, cuidado intensivo e intermedi\u00e1rio neonatal, al\u00e9m de assist\u00eancia cl\u00ednica e intensiva \u00e0s crian\u00e7as. O funcionamento \u00e9 24 horas, com atendimento por demanda espont\u00e2nea e referenciada, integrado \u00e0 rede de aten\u00e7\u00e3o prim\u00e1ria.<\/h3>\n<h3 style=\"text-align: justify\"><\/h3>\n<h3 style=\"text-align: justify\">A maternidade possui porta aberta, leitos de UTI neonatal, semi-intensiva e de m\u00e9todo canguru, al\u00e9m de uma ala pedi\u00e1trica com 23 leitos cl\u00ednicos e 10 leitos de UTI pedi\u00e1trica, 100% regulados. Al\u00e9m dos partos e interna\u00e7\u00f5es, a unidade oferece atendimento ambulatorial especializado em pr\u00e9-natal de alto risco, consultas em obstetr\u00edcia, cardiologia, enfermagem, nutri\u00e7\u00e3o e psicologia. O hospital tamb\u00e9m atua como polo de ensino, pesquisa e inova\u00e7\u00e3o, reunindo forma\u00e7\u00e3o acad\u00eamica e produ\u00e7\u00e3o de conhecimento cient\u00edfico e tecnol\u00f3gico em sa\u00fade.<\/h3>\n","protected":false},"excerpt":{"rendered":"<p>Os princ\u00edpios doutrin\u00e1rios do Sistema \u00danico de Sa\u00fade (SUS) s\u00e3o: Universaliza\u00e7\u00e3o, que garante o acesso \u00e0 sa\u00fade como direito de todos; Integralidade, que prev\u00ea um atendimento completo, da preven\u00e7\u00e3o \u00e0 reabilita\u00e7\u00e3o; e Equidade, que trata cada indiv\u00edduo conforme suas necessidades, promovendo a igualdade. Por isso, projetado para atender prioritariamente \u00e0 popula\u00e7\u00e3o de 20 munic\u00edpios do [&hellip;]<\/p>\n","protected":false},"author":992,"featured_media":0,"comment_status":"open","ping_status":"closed","sticky":false,"template":"","format":"standard","meta":{"footnotes":"","_links_to":"","_links_to_target":""},"categories":[14,3,4],"tags":[105],"class_list":["post-193198","post","type-post","status-publish","format-standard","hentry","category-bahia-geral","category-cidades","category-politica","tag-ilheus"],"views":217,"_links":{"self":[{"href":"https:\/\/www.politicosdosuldabahia.com.br\/v1\/wp-json\/wp\/v2\/posts\/193198"}],"collection":[{"href":"https:\/\/www.politicosdosuldabahia.com.br\/v1\/wp-json\/wp\/v2\/posts"}],"about":[{"href":"https:\/\/www.politicosdosuldabahia.com.br\/v1\/wp-json\/wp\/v2\/types\/post"}],"author":[{"embeddable":true,"href":"https:\/\/www.politicosdosuldabahia.com.br\/v1\/wp-json\/wp\/v2\/users\/992"}],"replies":[{"embeddable":true,"href":"https:\/\/www.politicosdosuldabahia.com.br\/v1\/wp-json\/wp\/v2\/comments?post=193198"}],"version-history":[{"count":1,"href":"https:\/\/www.politicosdosuldabahia.com.br\/v1\/wp-json\/wp\/v2\/posts\/193198\/revisions"}],"predecessor-version":[{"id":193200,"href":"https:\/\/www.politicosdosuldabahia.com.br\/v1\/wp-json\/wp\/v2\/posts\/193198\/revisions\/193200"}],"wp:attachment":[{"href":"https:\/\/www.politicosdosuldabahia.com.br\/v1\/wp-json\/wp\/v2\/media?parent=193198"}],"wp:term":[{"taxonomy":"category","embeddable":true,"href":"https:\/\/www.politicosdosuldabahia.com.br\/v1\/wp-json\/wp\/v2\/categories?post=193198"},{"taxonomy":"post_tag","embeddable":true,"href":"https:\/\/www.politicosdosuldabahia.com.br\/v1\/wp-json\/wp\/v2\/tags?post=193198"}],"curies":[{"name":"wp","href":"https:\/\/api.w.org\/{rel}","templated":true}]}}