
{"id":193194,"date":"2025-09-10T13:40:16","date_gmt":"2025-09-10T16:40:16","guid":{"rendered":"https:\/\/www.politicosdosuldabahia.com.br\/v1\/?p=193194"},"modified":"2025-09-10T13:40:16","modified_gmt":"2025-09-10T16:40:16","slug":"itacare-cidade-realiza-mais-uma-edicao-do-festival-de-forro","status":"publish","type":"post","link":"https:\/\/www.politicosdosuldabahia.com.br\/v1\/2025\/09\/10\/itacare-cidade-realiza-mais-uma-edicao-do-festival-de-forro\/","title":{"rendered":"ITACAR\u00c9 : CIDADE REALIZA MAIS UMA EDI\u00c7\u00c3O DO FESTIVAL DE FORR\u00d3"},"content":{"rendered":"<p style=\"text-align: justify\"><img loading=\"lazy\" decoding=\"async\" class=\"size-full wp-image-193196 aligncenter\" src=\"http:\/\/www.politicosdosuldabahia.com.br\/v1\/wp-content\/uploads\/2025\/09\/WhatsApp-Image-2025-09-10-at-13.25.52-1-1.jpeg\" alt=\"\" width=\"450\" height=\"798\" srcset=\"https:\/\/www.politicosdosuldabahia.com.br\/v1\/wp-content\/uploads\/2025\/09\/WhatsApp-Image-2025-09-10-at-13.25.52-1-1.jpeg 450w, https:\/\/www.politicosdosuldabahia.com.br\/v1\/wp-content\/uploads\/2025\/09\/WhatsApp-Image-2025-09-10-at-13.25.52-1-1-169x300.jpeg 169w\" sizes=\"(max-width: 450px) 100vw, 450px\" \/><\/p>\n<h3 style=\"text-align: justify\">A cidade de Itacar\u00e9 j\u00e1 est\u00e1 em clima de festa com a chegada de mais uma edi\u00e7\u00e3o do Festival de Forr\u00f3, que acontece nos dias 26, 27 e 28 de setembro de 2025. O evento promete movimentar o munic\u00edpio com muita m\u00fasica, tradi\u00e7\u00e3o e alegria, reunindo artistas consagrados e talentos locais em uma grande celebra\u00e7\u00e3o cultural.<\/h3>\n<h3 style=\"text-align: justify\"><\/h3>\n<h3 style=\"text-align: justify\">A programa\u00e7\u00e3o inclui a tradicional Levada da Rural Amarela e o animado Aul\u00e3o de Forr\u00f3, que percorrem a Pra\u00e7a das Mangueiras, a Pituba e seguem at\u00e9 a Orla, arrastando moradores e turistas em um verdadeiro cortejo junino fora de \u00e9poca.<\/h3>\n<h3 style=\"text-align: justify\"><\/h3>\n<h3 style=\"text-align: justify\">Atra\u00e7\u00f5es confirmadas<\/h3>\n<h3 style=\"text-align: justify\"><\/h3>\n<h3 style=\"text-align: justify\">No palco montado na Pra\u00e7a S\u00e3o Miguel, o p\u00fablico vai dan\u00e7ar ao som de Targino Gondim, Cacau com Leite, Sebastian Silva, Rennan Mendes, Gel Barbosa, Banda Forr\u00f3 de Meu Nobre, Trio Forr\u00f3 + Eu, Paulo Pootrich e a F\u00e1brica de Som, Ivan Greg, Marquinhos Caf\u00e9, Luana Ingry, Zalela e Os Tr\u00eas da Bahia, Quinteto Sanf\u00f4nico do Brasil e Natureza Forr\u00f3 Bahia.<\/h3>\n<h3 style=\"text-align: justify\"><\/h3>\n<h3 style=\"text-align: justify\">Com nomes de peso do forr\u00f3 nordestino e artistas que representam a nova gera\u00e7\u00e3o, o festival promete agradar a todos os gostos, do tradicional p\u00e9 de serra \u00e0s fus\u00f5es contempor\u00e2neas do g\u00eanero.<\/h3>\n<h3 style=\"text-align: justify\"><\/h3>\n<h3 style=\"text-align: justify\">Cultura, turismo e identidade<\/h3>\n<h3 style=\"text-align: justify\"><\/h3>\n<h3 style=\"text-align: justify\">Al\u00e9m de ser uma grande festa popular, o Festival de Forr\u00f3 de Itacar\u00e9 fortalece a identidade cultural do munic\u00edpio, valoriza a m\u00fasica regional, fomenta o turismo e aquece a economia local.<\/h3>\n<h3 style=\"text-align: justify\"><\/h3>\n<h3 style=\"text-align: justify\">Realiza\u00e7\u00e3o<\/h3>\n<h3 style=\"text-align: justify\"><\/h3>\n<h3 style=\"text-align: justify\">O evento \u00e9 uma realiza\u00e7\u00e3o da Prefeitura de Itacar\u00e9, com apoio da C\u00e2mara de Vereadores, Embasa e Governo do Estado da Bahia, atrav\u00e9s da Setur.<\/h3>\n<h3 style=\"text-align: justify\"><\/h3>\n<h3 style=\"text-align: justify\">\ud83d\udccc Anote na agenda: dias 26, 27 e 28 de setembro, o forr\u00f3 vai tomar conta de Itacar\u00e9!<\/h3>\n","protected":false},"excerpt":{"rendered":"<p>A cidade de Itacar\u00e9 j\u00e1 est\u00e1 em clima de festa com a chegada de mais uma edi\u00e7\u00e3o do Festival de Forr\u00f3, que acontece nos dias 26, 27 e 28 de setembro de 2025. O evento promete movimentar o munic\u00edpio com muita m\u00fasica, tradi\u00e7\u00e3o e alegria, reunindo artistas consagrados e talentos locais em uma grande celebra\u00e7\u00e3o [&hellip;]<\/p>\n","protected":false},"author":992,"featured_media":0,"comment_status":"open","ping_status":"closed","sticky":false,"template":"","format":"standard","meta":{"footnotes":"","_links_to":"","_links_to_target":""},"categories":[14,3,9,1],"tags":[],"class_list":["post-193194","post","type-post","status-publish","format-standard","hentry","category-bahia-geral","category-cidades","category-eventos","category-geral"],"views":214,"_links":{"self":[{"href":"https:\/\/www.politicosdosuldabahia.com.br\/v1\/wp-json\/wp\/v2\/posts\/193194"}],"collection":[{"href":"https:\/\/www.politicosdosuldabahia.com.br\/v1\/wp-json\/wp\/v2\/posts"}],"about":[{"href":"https:\/\/www.politicosdosuldabahia.com.br\/v1\/wp-json\/wp\/v2\/types\/post"}],"author":[{"embeddable":true,"href":"https:\/\/www.politicosdosuldabahia.com.br\/v1\/wp-json\/wp\/v2\/users\/992"}],"replies":[{"embeddable":true,"href":"https:\/\/www.politicosdosuldabahia.com.br\/v1\/wp-json\/wp\/v2\/comments?post=193194"}],"version-history":[{"count":1,"href":"https:\/\/www.politicosdosuldabahia.com.br\/v1\/wp-json\/wp\/v2\/posts\/193194\/revisions"}],"predecessor-version":[{"id":193197,"href":"https:\/\/www.politicosdosuldabahia.com.br\/v1\/wp-json\/wp\/v2\/posts\/193194\/revisions\/193197"}],"wp:attachment":[{"href":"https:\/\/www.politicosdosuldabahia.com.br\/v1\/wp-json\/wp\/v2\/media?parent=193194"}],"wp:term":[{"taxonomy":"category","embeddable":true,"href":"https:\/\/www.politicosdosuldabahia.com.br\/v1\/wp-json\/wp\/v2\/categories?post=193194"},{"taxonomy":"post_tag","embeddable":true,"href":"https:\/\/www.politicosdosuldabahia.com.br\/v1\/wp-json\/wp\/v2\/tags?post=193194"}],"curies":[{"name":"wp","href":"https:\/\/api.w.org\/{rel}","templated":true}]}}