
{"id":193185,"date":"2025-09-10T10:07:30","date_gmt":"2025-09-10T13:07:30","guid":{"rendered":"https:\/\/www.politicosdosuldabahia.com.br\/v1\/?p=193185"},"modified":"2025-09-10T10:07:30","modified_gmt":"2025-09-10T13:07:30","slug":"ilheus-se-prepara-para-receber-o-triathlon-brasil-super-series-2025","status":"publish","type":"post","link":"https:\/\/www.politicosdosuldabahia.com.br\/v1\/2025\/09\/10\/ilheus-se-prepara-para-receber-o-triathlon-brasil-super-series-2025\/","title":{"rendered":"ILH\u00c9US SE PREPARA PARA RECEBER O TRIATHLON BRASIL SUPER SERIES 2025"},"content":{"rendered":"<p><strong>\u00a0<\/strong><\/p>\n<p><img loading=\"lazy\" decoding=\"async\" class=\"alignnone size-full wp-image-193186 aligncenter\" src=\"http:\/\/www.politicosdosuldabahia.com.br\/v1\/wp-content\/uploads\/2025\/09\/Triathlon-Reuniao.jpg\" alt=\"\" width=\"455\" height=\"341\" srcset=\"https:\/\/www.politicosdosuldabahia.com.br\/v1\/wp-content\/uploads\/2025\/09\/Triathlon-Reuniao.jpg 455w, https:\/\/www.politicosdosuldabahia.com.br\/v1\/wp-content\/uploads\/2025\/09\/Triathlon-Reuniao-300x225.jpg 300w, https:\/\/www.politicosdosuldabahia.com.br\/v1\/wp-content\/uploads\/2025\/09\/Triathlon-Reuniao-400x300.jpg 400w\" sizes=\"(max-width: 455px) 100vw, 455px\" \/><\/p>\n<h4 style=\"text-align: center\"><strong><em>Etapa ser\u00e1 seletiva oficial para o Mundial de Abu Dhabi e reunir\u00e1 mais de 300 atletas do Brasil e do exterior<\/em><\/strong><\/h4>\n<h3 style=\"text-align: justify\">A Prefeitura de Ilh\u00e9us, por meio da Secretaria de Juventude, Esporte e Lazer, em conjunto com as secretarias de Ordem P\u00fablica, Turismo, Servi\u00e7os Urbanos e a Autarquia de Transporte e Tr\u00e2nsito (SUTRAM), realizou na manh\u00e3 desta ter\u00e7a-feira (09), uma reuni\u00e3o de planejamento para o Triathlon Ilh\u00e9us 2025 \u2013 Brasil Super Series Multisports. O encontro contou tamb\u00e9m com a presen\u00e7a do prefeito Valderico Junior, que acompanhou de perto as defini\u00e7\u00f5es para a realiza\u00e7\u00e3o do evento. A competi\u00e7\u00e3o ser\u00e1 disputada neste s\u00e1bado (13), v\u00e1lida como Campeonato Brasileiro e seletiva oficial para o Mundial de Abu Dhabi 2026.<\/h3>\n<h3 style=\"text-align: justify\">Com mais de 300 atletas j\u00e1 inscritos, do Brasil e do exterior, o percurso ter\u00e1 como cen\u00e1rios a ponte Jorge Amado, a avenida Soares Lopes, o centro hist\u00f3rico de Ilh\u00e9us e a praia do Cristo, pontos emblem\u00e1ticos que refor\u00e7am a beleza da cidade e sua tradi\u00e7\u00e3o esportiva.<\/h3>\n<h3 style=\"text-align: justify\">\u201cO triathlon faz parte da hist\u00f3ria de Ilh\u00e9us e traz de volta mem\u00f3rias importantes para a popula\u00e7\u00e3o. Mais do que uma competi\u00e7\u00e3o, \u00e9 um momento de integra\u00e7\u00e3o que movimenta o turismo, gera renda e projeta a cidade para o mundo. Estamos trabalhando para que essa edi\u00e7\u00e3o seja inesquec\u00edvel e reafirme o papel de Ilh\u00e9us como ber\u00e7o do triathlon brasileiro\u201d, destacou o prefeito Valderico Junior.<\/h3>\n<h3 style=\"text-align: justify\">O presidente da Federa\u00e7\u00e3o Baiana de Triathlon, Cl\u00e9ber Castro, destacou a liga\u00e7\u00e3o hist\u00f3rica de Ilh\u00e9us com a modalidade, lembrando que \u201cO grande carinho do triathlon brasileiro \u00e9 aqui. A lembran\u00e7a que todos t\u00eam \u00e9 de um p\u00fablico nas ruas torcendo, vibrando. Os atletas eram tratados como estrelas e essa energia permanece viva at\u00e9 hoje.\u201d<\/h3>\n<h3 style=\"text-align: justify\">O secret\u00e1rio de Juventude, Esporte e Lazer, Vinicius Mendon\u00e7a, afirmou que logo que recebeu a proposta do evento se reuniu com o prefeito Valderico J\u00fanior, que entendeu de imediato a import\u00e2ncia da competi\u00e7\u00e3o para Ilh\u00e9us. \u201cO prefeito deu total apoio e mobilizou todas as secretarias necess\u00e1rias para que a organiza\u00e7\u00e3o fosse feita de forma integrada. Esse evento fortalece nossa tradi\u00e7\u00e3o esportiva e coloca Ilh\u00e9us em destaque no cen\u00e1rio nacional e internacional do triathlon\u201d, disse o secret\u00e1rio.<\/h3>\n<h3 style=\"text-align: justify\">Durante a reuni\u00e3o, foram discutidos os ajustes de tr\u00e2nsito, os pontos de fechamento e reorganiza\u00e7\u00e3o de vias, a atua\u00e7\u00e3o da Guarda Civil Municipal, a organiza\u00e7\u00e3o dos ambulantes e o apoio das secretarias de infraestrutura e servi\u00e7os urbanos. O evento tamb\u00e9m contar\u00e1 com a presen\u00e7a de t\u00e9cnicos de renome internacional, como Alberto Kruschewsky, de Minas Gerais, e Ricardo Neves, do Rio de Janeiro, que recentemente atuou como oficial t\u00e9cnico nas Olimp\u00edadas de Paris.<\/h3>\n<h3 style=\"text-align: justify\">Com uma programa\u00e7\u00e3o que inclui reconhecimento de percurso, entrega de kits, largadas em diferentes categorias e premia\u00e7\u00f5es, o Triathlon Ilh\u00e9us 2025 promete ser um marco esportivo e tur\u00edstico, consolidando o munic\u00edpio como refer\u00eancia nacional e internacional da modalidade.<\/h3>\n","protected":false},"excerpt":{"rendered":"<p>\u00a0 Etapa ser\u00e1 seletiva oficial para o Mundial de Abu Dhabi e reunir\u00e1 mais de 300 atletas do Brasil e do exterior A Prefeitura de Ilh\u00e9us, por meio da Secretaria de Juventude, Esporte e Lazer, em conjunto com as secretarias de Ordem P\u00fablica, Turismo, Servi\u00e7os Urbanos e a Autarquia de Transporte e Tr\u00e2nsito (SUTRAM), realizou [&hellip;]<\/p>\n","protected":false},"author":992,"featured_media":193186,"comment_status":"open","ping_status":"closed","sticky":false,"template":"","format":"standard","meta":{"footnotes":"","_links_to":"","_links_to_target":""},"categories":[3],"tags":[],"class_list":["post-193185","post","type-post","status-publish","format-standard","has-post-thumbnail","hentry","category-cidades"],"views":172,"_links":{"self":[{"href":"https:\/\/www.politicosdosuldabahia.com.br\/v1\/wp-json\/wp\/v2\/posts\/193185"}],"collection":[{"href":"https:\/\/www.politicosdosuldabahia.com.br\/v1\/wp-json\/wp\/v2\/posts"}],"about":[{"href":"https:\/\/www.politicosdosuldabahia.com.br\/v1\/wp-json\/wp\/v2\/types\/post"}],"author":[{"embeddable":true,"href":"https:\/\/www.politicosdosuldabahia.com.br\/v1\/wp-json\/wp\/v2\/users\/992"}],"replies":[{"embeddable":true,"href":"https:\/\/www.politicosdosuldabahia.com.br\/v1\/wp-json\/wp\/v2\/comments?post=193185"}],"version-history":[{"count":1,"href":"https:\/\/www.politicosdosuldabahia.com.br\/v1\/wp-json\/wp\/v2\/posts\/193185\/revisions"}],"predecessor-version":[{"id":193187,"href":"https:\/\/www.politicosdosuldabahia.com.br\/v1\/wp-json\/wp\/v2\/posts\/193185\/revisions\/193187"}],"wp:featuredmedia":[{"embeddable":true,"href":"https:\/\/www.politicosdosuldabahia.com.br\/v1\/wp-json\/wp\/v2\/media\/193186"}],"wp:attachment":[{"href":"https:\/\/www.politicosdosuldabahia.com.br\/v1\/wp-json\/wp\/v2\/media?parent=193185"}],"wp:term":[{"taxonomy":"category","embeddable":true,"href":"https:\/\/www.politicosdosuldabahia.com.br\/v1\/wp-json\/wp\/v2\/categories?post=193185"},{"taxonomy":"post_tag","embeddable":true,"href":"https:\/\/www.politicosdosuldabahia.com.br\/v1\/wp-json\/wp\/v2\/tags?post=193185"}],"curies":[{"name":"wp","href":"https:\/\/api.w.org\/{rel}","templated":true}]}}