
{"id":193181,"date":"2025-09-10T09:55:24","date_gmt":"2025-09-10T12:55:24","guid":{"rendered":"https:\/\/www.politicosdosuldabahia.com.br\/v1\/?p=193181"},"modified":"2025-09-10T09:55:24","modified_gmt":"2025-09-10T12:55:24","slug":"thiago-martins-comemora-decisao-de-trump-de-conceder-isencao-tarifaria-a-cacau-cafe-e-frutas-tropicais","status":"publish","type":"post","link":"https:\/\/www.politicosdosuldabahia.com.br\/v1\/2025\/09\/10\/thiago-martins-comemora-decisao-de-trump-de-conceder-isencao-tarifaria-a-cacau-cafe-e-frutas-tropicais\/","title":{"rendered":"THIAGO MARTINS COMEMORA DECIS\u00c3O DE TRUMP DE CONCEDER ISEN\u00c7\u00c3O TARIF\u00c1RIA A CACAU, CAF\u00c9 E FRUTAS TROPICAIS"},"content":{"rendered":"<p><img loading=\"lazy\" decoding=\"async\" class=\"size-full wp-image-193182 aligncenter\" src=\"http:\/\/www.politicosdosuldabahia.com.br\/v1\/wp-content\/uploads\/2025\/09\/WhatsApp-Image-2025-09-09-at-16.14.12.jpeg\" alt=\"\" width=\"455\" height=\"355\" srcset=\"https:\/\/www.politicosdosuldabahia.com.br\/v1\/wp-content\/uploads\/2025\/09\/WhatsApp-Image-2025-09-09-at-16.14.12.jpeg 455w, https:\/\/www.politicosdosuldabahia.com.br\/v1\/wp-content\/uploads\/2025\/09\/WhatsApp-Image-2025-09-09-at-16.14.12-300x234.jpeg 300w\" sizes=\"(max-width: 455px) 100vw, 455px\" \/><\/p>\n<h3 style=\"text-align: justify\">O presidente do PL de Ilh\u00e9us, Thiago Martins, comemorou nesta ter\u00e7a-feira a decis\u00e3o do ex-presidente norte-americano Donald Trump de anunciar a concess\u00e3o de isen\u00e7\u00e3o tarif\u00e1ria para produtos como cacau, caf\u00e9 e frutas tropicais. A medida, segundo Martins, representa uma oportunidade hist\u00f3rica para a economia regional, especialmente para Ilh\u00e9us e o sul da Bahia, \u00e1reas tradicionalmente reconhecidas como ber\u00e7o do cacau brasileiro.<\/h3>\n<h3 style=\"text-align: justify\">De acordo com ele, a retirada de tarifas abre espa\u00e7o para que produtores locais possam competir em melhores condi\u00e7\u00f5es no mercado norte-americano, ampliando a exporta\u00e7\u00e3o e fortalecendo a cadeia produtiva.<\/h3>\n<h3 style=\"text-align: justify\">\u201cEssa decis\u00e3o pode trazer um impacto direto na gera\u00e7\u00e3o de emprego e renda aqui na nossa regi\u00e3o. O cacau e o caf\u00e9 sempre foram marcas registradas do Brasil, e agora teremos a chance de expandir ainda mais nossas exporta\u00e7\u00f5es, valorizando o trabalho dos agricultores e fomentando nossa economia\u201d, destacou Martins.<\/h3>\n<h3 style=\"text-align: justify\">A isen\u00e7\u00e3o tarif\u00e1ria tamb\u00e9m \u00e9 vista como um est\u00edmulo ao agroneg\u00f3cio do interior da Bahia, que poder\u00e1 conquistar novos contratos e fortalecer a imagem de produtos tropicais brasileiros nos Estados Unidos. Para Thiago Martins, a medida \u00e9 um passo importante na busca por mais competitividade e desenvolvimento sustent\u00e1vel.<\/h3>\n<h3 style=\"text-align: justify\">\u201c\u00c9 um momento de comemora\u00e7\u00e3o para os produtores e para todos que acreditam no potencial da nossa terra. Precisamos transformar essa oportunidade em crescimento concreto para nossa regi\u00e3o\u201d, completou.<\/h3>\n","protected":false},"excerpt":{"rendered":"<p>O presidente do PL de Ilh\u00e9us, Thiago Martins, comemorou nesta ter\u00e7a-feira a decis\u00e3o do ex-presidente norte-americano Donald Trump de anunciar a concess\u00e3o de isen\u00e7\u00e3o tarif\u00e1ria para produtos como cacau, caf\u00e9 e frutas tropicais. A medida, segundo Martins, representa uma oportunidade hist\u00f3rica para a economia regional, especialmente para Ilh\u00e9us e o sul da Bahia, \u00e1reas tradicionalmente [&hellip;]<\/p>\n","protected":false},"author":992,"featured_media":193182,"comment_status":"open","ping_status":"closed","sticky":false,"template":"","format":"standard","meta":{"footnotes":"","_links_to":"","_links_to_target":""},"categories":[3],"tags":[],"class_list":["post-193181","post","type-post","status-publish","format-standard","has-post-thumbnail","hentry","category-cidades"],"views":212,"_links":{"self":[{"href":"https:\/\/www.politicosdosuldabahia.com.br\/v1\/wp-json\/wp\/v2\/posts\/193181"}],"collection":[{"href":"https:\/\/www.politicosdosuldabahia.com.br\/v1\/wp-json\/wp\/v2\/posts"}],"about":[{"href":"https:\/\/www.politicosdosuldabahia.com.br\/v1\/wp-json\/wp\/v2\/types\/post"}],"author":[{"embeddable":true,"href":"https:\/\/www.politicosdosuldabahia.com.br\/v1\/wp-json\/wp\/v2\/users\/992"}],"replies":[{"embeddable":true,"href":"https:\/\/www.politicosdosuldabahia.com.br\/v1\/wp-json\/wp\/v2\/comments?post=193181"}],"version-history":[{"count":1,"href":"https:\/\/www.politicosdosuldabahia.com.br\/v1\/wp-json\/wp\/v2\/posts\/193181\/revisions"}],"predecessor-version":[{"id":193183,"href":"https:\/\/www.politicosdosuldabahia.com.br\/v1\/wp-json\/wp\/v2\/posts\/193181\/revisions\/193183"}],"wp:featuredmedia":[{"embeddable":true,"href":"https:\/\/www.politicosdosuldabahia.com.br\/v1\/wp-json\/wp\/v2\/media\/193182"}],"wp:attachment":[{"href":"https:\/\/www.politicosdosuldabahia.com.br\/v1\/wp-json\/wp\/v2\/media?parent=193181"}],"wp:term":[{"taxonomy":"category","embeddable":true,"href":"https:\/\/www.politicosdosuldabahia.com.br\/v1\/wp-json\/wp\/v2\/categories?post=193181"},{"taxonomy":"post_tag","embeddable":true,"href":"https:\/\/www.politicosdosuldabahia.com.br\/v1\/wp-json\/wp\/v2\/tags?post=193181"}],"curies":[{"name":"wp","href":"https:\/\/api.w.org\/{rel}","templated":true}]}}