
{"id":193152,"date":"2025-09-09T10:29:45","date_gmt":"2025-09-09T13:29:45","guid":{"rendered":"https:\/\/www.politicosdosuldabahia.com.br\/v1\/?p=193152"},"modified":"2025-09-09T10:29:45","modified_gmt":"2025-09-09T13:29:45","slug":"itacare-comandante-major-telmo-e-promovido-a-tenente-coronel","status":"publish","type":"post","link":"https:\/\/www.politicosdosuldabahia.com.br\/v1\/2025\/09\/09\/itacare-comandante-major-telmo-e-promovido-a-tenente-coronel\/","title":{"rendered":"ITACAR\u00c9: COMANDANTE \u00a0MAJOR TELMO \u00c9 PROMOVIDO A TENENTE-CORONEL"},"content":{"rendered":"<p><img loading=\"lazy\" decoding=\"async\" class=\"wp-image-193153 aligncenter\" src=\"http:\/\/www.politicosdosuldabahia.com.br\/v1\/wp-content\/uploads\/2025\/09\/WhatsApp-Image-2025-09-09-at-09.16.08.jpeg\" alt=\"\" width=\"455\" height=\"346\" srcset=\"https:\/\/www.politicosdosuldabahia.com.br\/v1\/wp-content\/uploads\/2025\/09\/WhatsApp-Image-2025-09-09-at-09.16.08.jpeg 1280w, https:\/\/www.politicosdosuldabahia.com.br\/v1\/wp-content\/uploads\/2025\/09\/WhatsApp-Image-2025-09-09-at-09.16.08-300x228.jpeg 300w, https:\/\/www.politicosdosuldabahia.com.br\/v1\/wp-content\/uploads\/2025\/09\/WhatsApp-Image-2025-09-09-at-09.16.08-1024x778.jpeg 1024w, https:\/\/www.politicosdosuldabahia.com.br\/v1\/wp-content\/uploads\/2025\/09\/WhatsApp-Image-2025-09-09-at-09.16.08-768x584.jpeg 768w\" sizes=\"(max-width: 455px) 100vw, 455px\" \/><\/p>\n<h3 style=\"text-align: justify\">O comandante da 72\u00aa Companhia Independente da Pol\u00edcia Militar (CIPM), Major PM Telmo Carvalho do Esp\u00edrito Santo, foi promovido \u00e0 patente de Tenente-Coronel da Pol\u00edcia Militar da Bahia. A promo\u00e7\u00e3o foi publicada no Di\u00e1rio Oficial do Estado e assinada pelo governador Jer\u00f4nimo Rodrigues.<\/h3>\n<h3 style=\"text-align: justify\">Telmo possui uma trajet\u00f3ria marcada por experi\u00eancia em diferentes unidades da corpora\u00e7\u00e3o. J\u00e1 comandou a 61\u00aa CIPM, respons\u00e1vel pela seguran\u00e7a nos munic\u00edpios de Ubaitaba, Aurelino Leal, Gongogi, Ubat\u00e3 e Ibirapitanga. Antes disso, atuou tamb\u00e9m em unidades especializadas, como a RONDESP, refer\u00eancia no policiamento t\u00e1tico da Bahia.<\/h3>\n<h3 style=\"text-align: justify\">Atualmente, segue \u00e0 frente da 72\u00aa CIPM, que tem sob sua responsabilidade os munic\u00edpios de Itacar\u00e9, Mara\u00fa e Uru\u00e7uca, importantes destinos tur\u00edsticos do litoral sul baiano. A unidade desempenha papel estrat\u00e9gico na seguran\u00e7a p\u00fablica da regi\u00e3o, especialmente no apoio \u00e0s comunidades locais e na prote\u00e7\u00e3o de \u00e1reas de grande fluxo de visitantes.<\/h3>\n<h3 style=\"text-align: justify\"><\/h3>\n<h3 style=\"text-align: justify\">A promo\u00e7\u00e3o a Tenente-Coronel representa o reconhecimento ao trabalho prestado ao longo de sua carreira na Pol\u00edcia Militar, marcada pela dedica\u00e7\u00e3o, disciplina e comprometimento com a seguran\u00e7a p\u00fablica no estado.<\/h3>\n","protected":false},"excerpt":{"rendered":"<p>O comandante da 72\u00aa Companhia Independente da Pol\u00edcia Militar (CIPM), Major PM Telmo Carvalho do Esp\u00edrito Santo, foi promovido \u00e0 patente de Tenente-Coronel da Pol\u00edcia Militar da Bahia. A promo\u00e7\u00e3o foi publicada no Di\u00e1rio Oficial do Estado e assinada pelo governador Jer\u00f4nimo Rodrigues. Telmo possui uma trajet\u00f3ria marcada por experi\u00eancia em diferentes unidades da corpora\u00e7\u00e3o. [&hellip;]<\/p>\n","protected":false},"author":992,"featured_media":193153,"comment_status":"open","ping_status":"closed","sticky":false,"template":"","format":"standard","meta":{"footnotes":"","_links_to":"","_links_to_target":""},"categories":[3],"tags":[],"class_list":["post-193152","post","type-post","status-publish","format-standard","has-post-thumbnail","hentry","category-cidades"],"views":173,"_links":{"self":[{"href":"https:\/\/www.politicosdosuldabahia.com.br\/v1\/wp-json\/wp\/v2\/posts\/193152"}],"collection":[{"href":"https:\/\/www.politicosdosuldabahia.com.br\/v1\/wp-json\/wp\/v2\/posts"}],"about":[{"href":"https:\/\/www.politicosdosuldabahia.com.br\/v1\/wp-json\/wp\/v2\/types\/post"}],"author":[{"embeddable":true,"href":"https:\/\/www.politicosdosuldabahia.com.br\/v1\/wp-json\/wp\/v2\/users\/992"}],"replies":[{"embeddable":true,"href":"https:\/\/www.politicosdosuldabahia.com.br\/v1\/wp-json\/wp\/v2\/comments?post=193152"}],"version-history":[{"count":1,"href":"https:\/\/www.politicosdosuldabahia.com.br\/v1\/wp-json\/wp\/v2\/posts\/193152\/revisions"}],"predecessor-version":[{"id":193154,"href":"https:\/\/www.politicosdosuldabahia.com.br\/v1\/wp-json\/wp\/v2\/posts\/193152\/revisions\/193154"}],"wp:featuredmedia":[{"embeddable":true,"href":"https:\/\/www.politicosdosuldabahia.com.br\/v1\/wp-json\/wp\/v2\/media\/193153"}],"wp:attachment":[{"href":"https:\/\/www.politicosdosuldabahia.com.br\/v1\/wp-json\/wp\/v2\/media?parent=193152"}],"wp:term":[{"taxonomy":"category","embeddable":true,"href":"https:\/\/www.politicosdosuldabahia.com.br\/v1\/wp-json\/wp\/v2\/categories?post=193152"},{"taxonomy":"post_tag","embeddable":true,"href":"https:\/\/www.politicosdosuldabahia.com.br\/v1\/wp-json\/wp\/v2\/tags?post=193152"}],"curies":[{"name":"wp","href":"https:\/\/api.w.org\/{rel}","templated":true}]}}