
{"id":193139,"date":"2025-09-08T15:54:13","date_gmt":"2025-09-08T18:54:13","guid":{"rendered":"https:\/\/www.politicosdosuldabahia.com.br\/v1\/?p=193139"},"modified":"2025-09-08T15:54:13","modified_gmt":"2025-09-08T18:54:13","slug":"buerarema-ja-garantida-na-2a-fase-arranca-empate-emocionante-fora-de-casa","status":"publish","type":"post","link":"https:\/\/www.politicosdosuldabahia.com.br\/v1\/2025\/09\/08\/buerarema-ja-garantida-na-2a-fase-arranca-empate-emocionante-fora-de-casa\/","title":{"rendered":"BUERAREMA J\u00c1 GARANTIDA NA 2\u00aa FASE ARRANCA EMPATE EMOCIONANTE FORA DE CASA"},"content":{"rendered":"<p><img loading=\"lazy\" decoding=\"async\" class=\"size-full wp-image-193140 aligncenter\" src=\"http:\/\/www.politicosdosuldabahia.com.br\/v1\/wp-content\/uploads\/2025\/09\/SELECAO-DE-BUERAREMA.jpg\" alt=\"\" width=\"455\" height=\"282\" srcset=\"https:\/\/www.politicosdosuldabahia.com.br\/v1\/wp-content\/uploads\/2025\/09\/SELECAO-DE-BUERAREMA.jpg 455w, https:\/\/www.politicosdosuldabahia.com.br\/v1\/wp-content\/uploads\/2025\/09\/SELECAO-DE-BUERAREMA-300x186.jpg 300w\" sizes=\"(max-width: 455px) 100vw, 455px\" \/><\/p>\n<h3 style=\"text-align: justify\">No \u00faltimo domingo, 07 de setembro, a Sele\u00e7\u00e3o de Buerarema entrou em campo na cidade de Almadina e protagonizou um duelo emocionante. A partida terminou em <strong data-start=\"337\" data-end=\"346\">2 a 2<\/strong><strong>,<\/strong> com o gol de empate saindo nos instantes finais do segundo tempo, em uma cena que levou a torcida ao \u00eaxtase e deixou o confronto ainda mais marcante.<\/h3>\n<h3 style=\"text-align: justify\" data-start=\"501\" data-end=\"845\">O resultado n\u00e3o alterou a situa\u00e7\u00e3o da equipe, que j\u00e1 estava classificada para a segunda fase do Campeonato Intermunicipal 2025. A campanha de Buerarema tem sido motivo de orgulho, j\u00e1 que o munic\u00edpio voltou \u00e0 competi\u00e7\u00e3o ap\u00f3s quase 10 anos de aus\u00eancia, movimentando o esporte local e atraindo um n\u00famero expressivo de torcedores apaixonados.<\/h3>\n<h3 style=\"text-align: justify\" data-start=\"847\" data-end=\"1249\">Essa trajet\u00f3ria vitoriosa \u00e9 fruto da uni\u00e3o entre a Liga Bueraremense de Futebol, a Secretaria de Cultura<strong data-start=\"934\" data-end=\"976\">, <\/strong>Esporte e Lazer e o empenho da gest\u00e3o municipal. O prefeito Gel da Farm\u00e1cia, ex-atleta profissional de futebol, tem destacado a import\u00e2ncia do esporte como ferramenta de inclus\u00e3o, lazer e fortalecimento da identidade da comunidade, vibrando junto com os torcedores a cada conquista.<\/h3>\n<h3 style=\"text-align: justify\" data-start=\"1251\" data-end=\"1446\">No pr\u00f3ximo domingo, 14 de setembro, Buerarema volta a campo para a \u00faltima rodada da primeira fase, j\u00e1 garantida na pr\u00f3xima etapa, mas com a garra de sempre para buscar mais um grande resultado.<\/h3>\n<h3 style=\"text-align: justify\"><\/h3>\n","protected":false},"excerpt":{"rendered":"<p>No \u00faltimo domingo, 07 de setembro, a Sele\u00e7\u00e3o de Buerarema entrou em campo na cidade de Almadina e protagonizou um duelo emocionante. A partida terminou em 2 a 2, com o gol de empate saindo nos instantes finais do segundo tempo, em uma cena que levou a torcida ao \u00eaxtase e deixou o confronto ainda [&hellip;]<\/p>\n","protected":false},"author":992,"featured_media":193140,"comment_status":"open","ping_status":"closed","sticky":false,"template":"","format":"standard","meta":{"footnotes":"","_links_to":"","_links_to_target":""},"categories":[3],"tags":[],"class_list":["post-193139","post","type-post","status-publish","format-standard","has-post-thumbnail","hentry","category-cidades"],"views":232,"_links":{"self":[{"href":"https:\/\/www.politicosdosuldabahia.com.br\/v1\/wp-json\/wp\/v2\/posts\/193139"}],"collection":[{"href":"https:\/\/www.politicosdosuldabahia.com.br\/v1\/wp-json\/wp\/v2\/posts"}],"about":[{"href":"https:\/\/www.politicosdosuldabahia.com.br\/v1\/wp-json\/wp\/v2\/types\/post"}],"author":[{"embeddable":true,"href":"https:\/\/www.politicosdosuldabahia.com.br\/v1\/wp-json\/wp\/v2\/users\/992"}],"replies":[{"embeddable":true,"href":"https:\/\/www.politicosdosuldabahia.com.br\/v1\/wp-json\/wp\/v2\/comments?post=193139"}],"version-history":[{"count":1,"href":"https:\/\/www.politicosdosuldabahia.com.br\/v1\/wp-json\/wp\/v2\/posts\/193139\/revisions"}],"predecessor-version":[{"id":193141,"href":"https:\/\/www.politicosdosuldabahia.com.br\/v1\/wp-json\/wp\/v2\/posts\/193139\/revisions\/193141"}],"wp:featuredmedia":[{"embeddable":true,"href":"https:\/\/www.politicosdosuldabahia.com.br\/v1\/wp-json\/wp\/v2\/media\/193140"}],"wp:attachment":[{"href":"https:\/\/www.politicosdosuldabahia.com.br\/v1\/wp-json\/wp\/v2\/media?parent=193139"}],"wp:term":[{"taxonomy":"category","embeddable":true,"href":"https:\/\/www.politicosdosuldabahia.com.br\/v1\/wp-json\/wp\/v2\/categories?post=193139"},{"taxonomy":"post_tag","embeddable":true,"href":"https:\/\/www.politicosdosuldabahia.com.br\/v1\/wp-json\/wp\/v2\/tags?post=193139"}],"curies":[{"name":"wp","href":"https:\/\/api.w.org\/{rel}","templated":true}]}}