
{"id":193114,"date":"2025-09-08T11:24:24","date_gmt":"2025-09-08T14:24:24","guid":{"rendered":"https:\/\/www.politicosdosuldabahia.com.br\/v1\/?p=193114"},"modified":"2025-09-08T11:24:24","modified_gmt":"2025-09-08T14:24:24","slug":"buerarema-desfile-civico-emociona-com-literatura-inclusao-e-arte","status":"publish","type":"post","link":"https:\/\/www.politicosdosuldabahia.com.br\/v1\/2025\/09\/08\/buerarema-desfile-civico-emociona-com-literatura-inclusao-e-arte\/","title":{"rendered":"BUERAREMA: DESFILE C\u00cdVICO EMOCIONA COM LITERATURA, INCLUS\u00c3O E ARTE"},"content":{"rendered":"<div id=\"attachment_193117\" style=\"width: 465px\" class=\"wp-caption aligncenter\"><img loading=\"lazy\" decoding=\"async\" aria-describedby=\"caption-attachment-193117\" class=\"size-full wp-image-193117\" src=\"http:\/\/www.politicosdosuldabahia.com.br\/v1\/wp-content\/uploads\/2025\/09\/DJI_0111.jpg\" alt=\"\" width=\"455\" height=\"303\" srcset=\"https:\/\/www.politicosdosuldabahia.com.br\/v1\/wp-content\/uploads\/2025\/09\/DJI_0111.jpg 455w, https:\/\/www.politicosdosuldabahia.com.br\/v1\/wp-content\/uploads\/2025\/09\/DJI_0111-300x200.jpg 300w\" sizes=\"(max-width: 455px) 100vw, 455px\" \/><p id=\"caption-attachment-193117\" class=\"wp-caption-text\">default<\/p><\/div>\n<h3 style=\"text-align: justify\">Neste domingo, 7 de setembro, Buerarema transformou seu desfile c\u00edvico em um vibrante &#8220;livro vivo&#8221;, repleto de arte, literatua e m\u00fasica. Cada ala emocionou a comunidade ao representar cap\u00edtulos da hist\u00f3ria do Brasil com criatividade e cor.<\/h3>\n<h3 style=\"text-align: justify\">O prefeito Gel da Farm\u00e1cia, seus secret\u00e1rios, representantes do Legislativo e a popula\u00e7\u00e3o acompanharam a cerim\u00f4nia com orgulho. A forte presen\u00e7a do CAPED em todas as alas refor\u00e7ou o car\u00e1ter inclusivo, enquanto a <em>FAHRBUERA<\/em>\u2014 fanfarra Harmonia Reciclada de Buerarema \u2014 encantou ao surgir com instrumentos feitos de materiais recicl\u00e1veis, executada por estudantes da rede municipal.<\/h3>\n<h3 style=\"text-align: justify\">A secret\u00e1ria de Educa\u00e7\u00e3o, Zilnai Ramos, destacou o impacto pedag\u00f3gico e social do evento: \u201cEsse desfile celebra nossa hist\u00f3ria com alma e talento dos nossos alunos. A participa\u00e7\u00e3o do CAPED e da fanfarra refor\u00e7a nossa miss\u00e3o de educar com equidade, desenvolvendo habilidades art\u00edsticas, consci\u00eancia ambiental e intera\u00e7\u00e3o comunit\u00e1ria.\u201d<\/h3>\n<div id=\"attachment_193116\" style=\"width: 465px\" class=\"wp-caption aligncenter\"><img loading=\"lazy\" decoding=\"async\" aria-describedby=\"caption-attachment-193116\" class=\"size-full wp-image-193116\" src=\"http:\/\/www.politicosdosuldabahia.com.br\/v1\/wp-content\/uploads\/2025\/09\/DJI_0087.jpg\" alt=\"\" width=\"455\" height=\"303\" srcset=\"https:\/\/www.politicosdosuldabahia.com.br\/v1\/wp-content\/uploads\/2025\/09\/DJI_0087.jpg 455w, https:\/\/www.politicosdosuldabahia.com.br\/v1\/wp-content\/uploads\/2025\/09\/DJI_0087-300x200.jpg 300w\" sizes=\"(max-width: 455px) 100vw, 455px\" \/><p id=\"caption-attachment-193116\" class=\"wp-caption-text\">default<\/p><\/div>\n<h3 style=\"text-align: justify\">Para o prefeito, o s\u00edmbolo da data tamb\u00e9m se transformou em um exerc\u00edcio de cidadania: \u201cMais que comemorar, fizemos arte, inclus\u00e3o e cultura. Ver nossos estudantes nas ruas, com tanto brilho e criatividade, \u00e9 um legado para o futuro de Buerarema.\u201d<\/h3>\n<h3 style=\"text-align: justify\">O desfile liter\u00e1rio transcendeu uma simples celebra\u00e7\u00e3o. Foi uma homenagem \u00e0 cultura, \u00e0 imagina\u00e7\u00e3o e \u00e0 participa\u00e7\u00e3o plena, encantando e inspirando toda a cidade.<\/h3>\n<h3 style=\"text-align: justify\"><\/h3>\n","protected":false},"excerpt":{"rendered":"<p>Neste domingo, 7 de setembro, Buerarema transformou seu desfile c\u00edvico em um vibrante &#8220;livro vivo&#8221;, repleto de arte, literatua e m\u00fasica. Cada ala emocionou a comunidade ao representar cap\u00edtulos da hist\u00f3ria do Brasil com criatividade e cor. O prefeito Gel da Farm\u00e1cia, seus secret\u00e1rios, representantes do Legislativo e a popula\u00e7\u00e3o acompanharam a cerim\u00f4nia com orgulho. [&hellip;]<\/p>\n","protected":false},"author":992,"featured_media":193117,"comment_status":"open","ping_status":"closed","sticky":false,"template":"","format":"standard","meta":{"footnotes":"","_links_to":"","_links_to_target":""},"categories":[3],"tags":[],"class_list":["post-193114","post","type-post","status-publish","format-standard","has-post-thumbnail","hentry","category-cidades"],"views":339,"_links":{"self":[{"href":"https:\/\/www.politicosdosuldabahia.com.br\/v1\/wp-json\/wp\/v2\/posts\/193114"}],"collection":[{"href":"https:\/\/www.politicosdosuldabahia.com.br\/v1\/wp-json\/wp\/v2\/posts"}],"about":[{"href":"https:\/\/www.politicosdosuldabahia.com.br\/v1\/wp-json\/wp\/v2\/types\/post"}],"author":[{"embeddable":true,"href":"https:\/\/www.politicosdosuldabahia.com.br\/v1\/wp-json\/wp\/v2\/users\/992"}],"replies":[{"embeddable":true,"href":"https:\/\/www.politicosdosuldabahia.com.br\/v1\/wp-json\/wp\/v2\/comments?post=193114"}],"version-history":[{"count":1,"href":"https:\/\/www.politicosdosuldabahia.com.br\/v1\/wp-json\/wp\/v2\/posts\/193114\/revisions"}],"predecessor-version":[{"id":193118,"href":"https:\/\/www.politicosdosuldabahia.com.br\/v1\/wp-json\/wp\/v2\/posts\/193114\/revisions\/193118"}],"wp:featuredmedia":[{"embeddable":true,"href":"https:\/\/www.politicosdosuldabahia.com.br\/v1\/wp-json\/wp\/v2\/media\/193117"}],"wp:attachment":[{"href":"https:\/\/www.politicosdosuldabahia.com.br\/v1\/wp-json\/wp\/v2\/media?parent=193114"}],"wp:term":[{"taxonomy":"category","embeddable":true,"href":"https:\/\/www.politicosdosuldabahia.com.br\/v1\/wp-json\/wp\/v2\/categories?post=193114"},{"taxonomy":"post_tag","embeddable":true,"href":"https:\/\/www.politicosdosuldabahia.com.br\/v1\/wp-json\/wp\/v2\/tags?post=193114"}],"curies":[{"name":"wp","href":"https:\/\/api.w.org\/{rel}","templated":true}]}}