
{"id":193108,"date":"2025-09-07T20:11:45","date_gmt":"2025-09-07T23:11:45","guid":{"rendered":"https:\/\/www.politicosdosuldabahia.com.br\/v1\/?p=193108"},"modified":"2025-09-07T20:11:45","modified_gmt":"2025-09-07T23:11:45","slug":"ilheus-celebra-o-7-de-setembro-com-desfile-civico-e-grande-participacao-popular","status":"publish","type":"post","link":"https:\/\/www.politicosdosuldabahia.com.br\/v1\/2025\/09\/07\/ilheus-celebra-o-7-de-setembro-com-desfile-civico-e-grande-participacao-popular\/","title":{"rendered":"ILH\u00c9US CELEBRA O 7 DE SETEMBRO COM DESFILE C\u00cdVICO E GRANDE PARTICIPA\u00c7\u00c3O POPULAR"},"content":{"rendered":"<p><img loading=\"lazy\" decoding=\"async\" class=\"alignnone size-full wp-image-193109 aligncenter\" src=\"http:\/\/www.politicosdosuldabahia.com.br\/v1\/wp-content\/uploads\/2025\/09\/WhatsApp-Image-2025-09-07-at-20.06.46-1.jpeg\" alt=\"\" width=\"341\" height=\"455\" srcset=\"https:\/\/www.politicosdosuldabahia.com.br\/v1\/wp-content\/uploads\/2025\/09\/WhatsApp-Image-2025-09-07-at-20.06.46-1.jpeg 341w, https:\/\/www.politicosdosuldabahia.com.br\/v1\/wp-content\/uploads\/2025\/09\/WhatsApp-Image-2025-09-07-at-20.06.46-1-225x300.jpeg 225w\" sizes=\"(max-width: 341px) 100vw, 341px\" \/><\/p>\n<h3 style=\"text-align: justify\">A cidade de Ilh\u00e9us viveu, neste s\u00e1bado (7), um momento de uni\u00e3o, civismo e emo\u00e7\u00e3o durante as comemora\u00e7\u00f5es da Independ\u00eancia do Brasil. Ao lado do prefeito Valderico J\u00fanior, secret\u00e1rios municipais e lideran\u00e7as locais, a popula\u00e7\u00e3o prestigiou o tradicional desfile c\u00edvico, que reuniu estudantes, professores, autoridades e a comunidade em geral.<\/h3>\n<h3 style=\"text-align: justify\">O evento foi marcado por apresenta\u00e7\u00f5es culturais, bandas marciais e homenagens \u00e0 p\u00e1tria, refor\u00e7ando a import\u00e2ncia da data hist\u00f3rica para o fortalecimento do esp\u00edrito de cidadania e patriotismo.<\/h3>\n<h3 style=\"text-align: justify\">Em declara\u00e7\u00e3o, Thiago Martins destacou o simbolismo da ocasi\u00e3o:<\/h3>\n<h3 style=\"text-align: justify\">\u201cO 7 de Setembro \u00e9 uma data que nos inspira a refletir sobre a liberdade, a independ\u00eancia e o compromisso que temos com o futuro do Brasil e da nossa cidade. Foi emocionante ver o envolvimento da comunidade e, em especial, dos nossos jovens.\u201d<\/h3>\n<h3 style=\"text-align: justify\">A Secret\u00e1ria de Educa\u00e7\u00e3o recebeu destaque especial pela organiza\u00e7\u00e3o do desfile, que foi elogiado por todos os presentes.<\/h3>\n<h3 style=\"text-align: justify\">\u201cParabenizo a Secret\u00e1ria de Educa\u00e7\u00e3o pelo excelente trabalho, assim como todos os que desfilaram, demonstrando dedica\u00e7\u00e3o, disciplina e amor por Ilh\u00e9us\u201d, completou Thiago Martins.<\/h3>\n<h3 style=\"text-align: justify\">As festividades encerraram-se em clima de confraterniza\u00e7\u00e3o, deixando re<\/h3>\n","protected":false},"excerpt":{"rendered":"<p>A cidade de Ilh\u00e9us viveu, neste s\u00e1bado (7), um momento de uni\u00e3o, civismo e emo\u00e7\u00e3o durante as comemora\u00e7\u00f5es da Independ\u00eancia do Brasil. Ao lado do prefeito Valderico J\u00fanior, secret\u00e1rios municipais e lideran\u00e7as locais, a popula\u00e7\u00e3o prestigiou o tradicional desfile c\u00edvico, que reuniu estudantes, professores, autoridades e a comunidade em geral. O evento foi marcado por [&hellip;]<\/p>\n","protected":false},"author":992,"featured_media":193109,"comment_status":"open","ping_status":"closed","sticky":false,"template":"","format":"standard","meta":{"footnotes":"","_links_to":"","_links_to_target":""},"categories":[3],"tags":[],"class_list":["post-193108","post","type-post","status-publish","format-standard","has-post-thumbnail","hentry","category-cidades"],"views":175,"_links":{"self":[{"href":"https:\/\/www.politicosdosuldabahia.com.br\/v1\/wp-json\/wp\/v2\/posts\/193108"}],"collection":[{"href":"https:\/\/www.politicosdosuldabahia.com.br\/v1\/wp-json\/wp\/v2\/posts"}],"about":[{"href":"https:\/\/www.politicosdosuldabahia.com.br\/v1\/wp-json\/wp\/v2\/types\/post"}],"author":[{"embeddable":true,"href":"https:\/\/www.politicosdosuldabahia.com.br\/v1\/wp-json\/wp\/v2\/users\/992"}],"replies":[{"embeddable":true,"href":"https:\/\/www.politicosdosuldabahia.com.br\/v1\/wp-json\/wp\/v2\/comments?post=193108"}],"version-history":[{"count":1,"href":"https:\/\/www.politicosdosuldabahia.com.br\/v1\/wp-json\/wp\/v2\/posts\/193108\/revisions"}],"predecessor-version":[{"id":193110,"href":"https:\/\/www.politicosdosuldabahia.com.br\/v1\/wp-json\/wp\/v2\/posts\/193108\/revisions\/193110"}],"wp:featuredmedia":[{"embeddable":true,"href":"https:\/\/www.politicosdosuldabahia.com.br\/v1\/wp-json\/wp\/v2\/media\/193109"}],"wp:attachment":[{"href":"https:\/\/www.politicosdosuldabahia.com.br\/v1\/wp-json\/wp\/v2\/media?parent=193108"}],"wp:term":[{"taxonomy":"category","embeddable":true,"href":"https:\/\/www.politicosdosuldabahia.com.br\/v1\/wp-json\/wp\/v2\/categories?post=193108"},{"taxonomy":"post_tag","embeddable":true,"href":"https:\/\/www.politicosdosuldabahia.com.br\/v1\/wp-json\/wp\/v2\/tags?post=193108"}],"curies":[{"name":"wp","href":"https:\/\/api.w.org\/{rel}","templated":true}]}}