
{"id":193105,"date":"2025-09-07T20:08:57","date_gmt":"2025-09-07T23:08:57","guid":{"rendered":"https:\/\/www.politicosdosuldabahia.com.br\/v1\/?p=193105"},"modified":"2025-09-07T20:08:57","modified_gmt":"2025-09-07T23:08:57","slug":"ibirapitanga-prefeitura-convoca-aprovados-do-concurso-de-2019-e-reafirma-compromisso-com-a-populacao","status":"publish","type":"post","link":"https:\/\/www.politicosdosuldabahia.com.br\/v1\/2025\/09\/07\/ibirapitanga-prefeitura-convoca-aprovados-do-concurso-de-2019-e-reafirma-compromisso-com-a-populacao\/","title":{"rendered":"IBIRAPITANGA: PREFEITURA CONVOCA APROVADOS DO CONCURSO DE 2019 E REAFIRMA COMPROMISSO COM A POPULA\u00c7\u00c3O"},"content":{"rendered":"<p>&nbsp;<\/p>\n<p><img loading=\"lazy\" decoding=\"async\" class=\"wp-image-193106 aligncenter\" src=\"http:\/\/www.politicosdosuldabahia.com.br\/v1\/wp-content\/uploads\/2025\/09\/WhatsApp-Image-2025-09-07-at-20.06.46.jpeg\" alt=\"\" width=\"256\" height=\"455\" srcset=\"https:\/\/www.politicosdosuldabahia.com.br\/v1\/wp-content\/uploads\/2025\/09\/WhatsApp-Image-2025-09-07-at-20.06.46.jpeg 720w, https:\/\/www.politicosdosuldabahia.com.br\/v1\/wp-content\/uploads\/2025\/09\/WhatsApp-Image-2025-09-07-at-20.06.46-169x300.jpeg 169w, https:\/\/www.politicosdosuldabahia.com.br\/v1\/wp-content\/uploads\/2025\/09\/WhatsApp-Image-2025-09-07-at-20.06.46-576x1024.jpeg 576w\" sizes=\"(max-width: 256px) 100vw, 256px\" \/><\/p>\n<h4 style=\"text-align: center\"><strong>Prefeito J\u00e9 Assun\u00e7\u00e3o destaca que a convoca\u00e7\u00e3o representa valoriza\u00e7\u00e3o dos profissionais e cumprimento da palavra dada \u00e0 comunidade ibirapitanguense<\/strong><\/h4>\n<h3 style=\"text-align: justify\"><\/h3>\n<h3 style=\"text-align: justify\">A Prefeitura de Ibirapitanga publicou, no \u00faltimo dia 25 de agosto, o edital de convoca\u00e7\u00e3o do Concurso P\u00fablico n\u00ba 001\/2019, destinado ao provimento de cargos efetivos no \u00e2mbito da Administra\u00e7\u00e3o Municipal. O per\u00edodo de entrega da documenta\u00e7\u00e3o seguiu at\u00e9 segunda-feira (01), e contemplou uma ampla lista de cargos, entre eles assistente administrativo escolar, assistente social, enfermeiro, engenheiro agr\u00f4nomo, m\u00e9dico ginecologista, psic\u00f3logo, professor de ingl\u00eas, t\u00e9cnico em radiologia, motorista, nutricionista escolar, entre outros.<\/h3>\n<h3 style=\"text-align: justify\">A medida beneficiou dezenas de profissionais e refor\u00e7a o compromisso da gest\u00e3o em garantir servi\u00e7os p\u00fablicos de qualidade \u00e0 popula\u00e7\u00e3o, al\u00e9m de valorizar os trabalhadores que se dedicaram ao processo seletivo. O chamamento tamb\u00e9m teve a participa\u00e7\u00e3o do vereador Dr. Newton.<\/h3>\n<h3 style=\"text-align: justify\">O prefeito J\u00e9 Assun\u00e7\u00e3o comemorou a convoca\u00e7\u00e3o e ressaltou que o ato representa mais uma demonstra\u00e7\u00e3o de respeito ao povo de Ibirapitanga. \u201cEstamos honrando a confian\u00e7a que nos foi dada, cumprindo com a palavra que assumimos durante a campanha. Nossa gest\u00e3o trabalha para transformar promessas em realidade, sempre com responsabilidade e compromisso com a nossa gente\u201d, afirmou.<\/h3>\n","protected":false},"excerpt":{"rendered":"<p>&nbsp; Prefeito J\u00e9 Assun\u00e7\u00e3o destaca que a convoca\u00e7\u00e3o representa valoriza\u00e7\u00e3o dos profissionais e cumprimento da palavra dada \u00e0 comunidade ibirapitanguense A Prefeitura de Ibirapitanga publicou, no \u00faltimo dia 25 de agosto, o edital de convoca\u00e7\u00e3o do Concurso P\u00fablico n\u00ba 001\/2019, destinado ao provimento de cargos efetivos no \u00e2mbito da Administra\u00e7\u00e3o Municipal. O per\u00edodo de entrega [&hellip;]<\/p>\n","protected":false},"author":992,"featured_media":193106,"comment_status":"open","ping_status":"closed","sticky":false,"template":"","format":"standard","meta":{"footnotes":"","_links_to":"","_links_to_target":""},"categories":[3],"tags":[],"class_list":["post-193105","post","type-post","status-publish","format-standard","has-post-thumbnail","hentry","category-cidades"],"views":177,"_links":{"self":[{"href":"https:\/\/www.politicosdosuldabahia.com.br\/v1\/wp-json\/wp\/v2\/posts\/193105"}],"collection":[{"href":"https:\/\/www.politicosdosuldabahia.com.br\/v1\/wp-json\/wp\/v2\/posts"}],"about":[{"href":"https:\/\/www.politicosdosuldabahia.com.br\/v1\/wp-json\/wp\/v2\/types\/post"}],"author":[{"embeddable":true,"href":"https:\/\/www.politicosdosuldabahia.com.br\/v1\/wp-json\/wp\/v2\/users\/992"}],"replies":[{"embeddable":true,"href":"https:\/\/www.politicosdosuldabahia.com.br\/v1\/wp-json\/wp\/v2\/comments?post=193105"}],"version-history":[{"count":1,"href":"https:\/\/www.politicosdosuldabahia.com.br\/v1\/wp-json\/wp\/v2\/posts\/193105\/revisions"}],"predecessor-version":[{"id":193107,"href":"https:\/\/www.politicosdosuldabahia.com.br\/v1\/wp-json\/wp\/v2\/posts\/193105\/revisions\/193107"}],"wp:featuredmedia":[{"embeddable":true,"href":"https:\/\/www.politicosdosuldabahia.com.br\/v1\/wp-json\/wp\/v2\/media\/193106"}],"wp:attachment":[{"href":"https:\/\/www.politicosdosuldabahia.com.br\/v1\/wp-json\/wp\/v2\/media?parent=193105"}],"wp:term":[{"taxonomy":"category","embeddable":true,"href":"https:\/\/www.politicosdosuldabahia.com.br\/v1\/wp-json\/wp\/v2\/categories?post=193105"},{"taxonomy":"post_tag","embeddable":true,"href":"https:\/\/www.politicosdosuldabahia.com.br\/v1\/wp-json\/wp\/v2\/tags?post=193105"}],"curies":[{"name":"wp","href":"https:\/\/api.w.org\/{rel}","templated":true}]}}