
{"id":193082,"date":"2025-09-05T22:51:37","date_gmt":"2025-09-06T01:51:37","guid":{"rendered":"https:\/\/www.politicosdosuldabahia.com.br\/v1\/?p=193082"},"modified":"2025-09-05T22:51:37","modified_gmt":"2025-09-06T01:51:37","slug":"trt-ba-elege-nova-administracao-para-o-bienio-2025-2027","status":"publish","type":"post","link":"https:\/\/www.politicosdosuldabahia.com.br\/v1\/2025\/09\/05\/trt-ba-elege-nova-administracao-para-o-bienio-2025-2027\/","title":{"rendered":"TRT-BA ELEGE NOVA ADMINISTRA\u00c7\u00c3O PARA O BI\u00caNIO 2025\/2027"},"content":{"rendered":"<h4><img loading=\"lazy\" decoding=\"async\" class=\"wp-image-193083 aligncenter\" src=\"http:\/\/www.politicosdosuldabahia.com.br\/v1\/wp-content\/uploads\/2025\/09\/nova_administracao_do_trt-ba.jpeg\" alt=\"\" width=\"455\" height=\"303\" srcset=\"https:\/\/www.politicosdosuldabahia.com.br\/v1\/wp-content\/uploads\/2025\/09\/nova_administracao_do_trt-ba.jpeg 1024w, https:\/\/www.politicosdosuldabahia.com.br\/v1\/wp-content\/uploads\/2025\/09\/nova_administracao_do_trt-ba-300x200.jpeg 300w, https:\/\/www.politicosdosuldabahia.com.br\/v1\/wp-content\/uploads\/2025\/09\/nova_administracao_do_trt-ba-768x512.jpeg 768w\" sizes=\"(max-width: 455px) 100vw, 455px\" \/><\/h4>\n<h4 style=\"text-align: center\"><strong><em>Os desembargadores Marcos Gurgel, Ivana Magaldi, Suzana In\u00e1cio e Elo\u00edna Machado\u00a0<\/em><\/strong><\/h4>\n<h3 style=\"text-align: justify\">O TRT da 5\u00aa Regi\u00e3o (TRT-BA) elegeu, nesta sexta-feira (5\/9), a nova Administra\u00e7\u00e3o do Tribunal para o bi\u00eanio 2025\/2027, que vai tomar posse no pr\u00f3ximo dia 5 de novembro. A desembargadora Ivana M\u00e9rcia Nilo de Magaldi ser\u00e1 a nova presidente; a desembargadora Suzana Maria In\u00e1cio Gomes, a vice-presidente; o desembargador Marcos Oliveira Gurgel ser\u00e1 corregedor regional; e a desembargadora Elo\u00edna Maria Barbosa Machado ser\u00e1 corregedora regional adjunta.<\/h3>\n<h3 style=\"text-align: justify\">A elei\u00e7\u00e3o ocorreu em sess\u00e3o do Tribunal Pleno e tamb\u00e9m foram escolhidos a diretoria da Escola Judicial (Ejud-5) e os ocupantes de outros importantes cargos no Tribunal (ver abaixo) para o pr\u00f3ximo bi\u00eanio.<\/h3>\n<h3 style=\"text-align: justify\">Ap\u00f3s a vota\u00e7\u00e3o, o presidente do TRT-BA, desembargador J\u00e9ferson Muricy destacou os m\u00e9ritos dos desembargadores eleitos e registrou o fato esta ser a \u00faltima elei\u00e7\u00e3o na atual sede do Tribunal, em Nazar\u00e9. J\u00e1 os desembargadores que integrar\u00e3o a futura Administra\u00e7\u00e3o ressaltaram a\u00a0compet\u00eancia\u00a0da atual gest\u00e3o e se compremeteram a continuar conduzindo o Regional para um lugar de ainda maior destaque no cen\u00e1rio nacional. Eles falaram em di\u00e1logo como elemento aglutinador de magistrados e servidores, de forma a alcan\u00e7ar os melhores resultados.<\/h3>\n<h3 style=\"text-align: justify\"><strong>Integrantes da nova Administra\u00e7\u00e3o<\/strong><\/h3>\n<h3 style=\"text-align: justify\">\n<strong>Ivana Magaldi\u00a0<\/strong>&#8211; Natural de Antas (BA), a desembargadora graduou-se em Direito pela Universidade Cat\u00f3lica de Salvador. Em 1983 foi aprovada para o cargo de auxiliar judici\u00e1rio no concurso p\u00fablico do TRT-BA. Em 1987, ap\u00f3s aprova\u00e7\u00e3o em concurso p\u00fablico realizado pelo mesmo Tribunal, passou a exercer o cargo de T\u00e9cnico Judici\u00e1rio. De 1983 a 1989 foi assessora de ju\u00edzes classistas do Regional. Em 14.04.1989 foi empossada no cargo de Ju\u00edza do Tribunal Substituta. Promovida por merecimento para ju\u00edza presidente da ent\u00e3o 1\u00aa Junta de\u00a0Concilia\u00e7\u00e3o\u00a0e Julgamento de Ilh\u00e9us, em 16.01.1993, atuou nas Juntas de Concilia\u00e7\u00e3o de Cama\u00e7ari, Sim\u00f5es Filho e na 30\u00aa\u00a0Vara do Trabalho\u00a0de Salvador. Foi diretora dos F\u00f3runs Barachisio Lisboa (Cama\u00e7ari) e Lineu Barreto (Sim\u00f5es Filho).<\/h3>\n<h3 style=\"text-align: justify\">Foi promovida pelo crit\u00e9rio de merecimento para o cargo de desembargadora federal do Trabalho da 5\u00aa Regi\u00e3o em 24\/2\/2006. Participou da diretoria da Associa\u00e7\u00e3o dos Magistrados da\u00a0Justi\u00e7a do Trabalho\u00a0da 5\u00aa Regi\u00e3o (Amatra-5) no bi\u00eanio de 1995\/1997. Em 1996, foi condecorada com a comenda da Ordem do\u00a0M\u00e9rito\u00a0Judici\u00e1rio do Trabalho, no grau Oficial, pelo Tribunal Superior do Trabalho.<\/h3>\n<h3 style=\"text-align: justify\">\u00c9 especialista em Direito Processual Civil e em Direito Civil &#8211; Estudos sobre o\u00a0C\u00f3digo\u00a0Civil. Autora de artigos doutrin\u00e1rios publicados no Jornal A Tarde. Foi ouvidora do TRT-5 nos bi\u00eanios 2007\/2009, 2013\/2015, 2015\/2017 e 2017\/2019. At\u00e9 05\/11\/2023 integrou a 1\u00aa\u00a0Turma, como sua presidente, e a Subse\u00e7\u00e3o de Uniformiza\u00e7\u00e3o da\u00a0Jurisprud\u00eancia. Atualmente \u00e9 corregedora regional do TRT-BA (bi\u00eanio 2023\/2025), integrando o \u00d2rg\u00e3o Especial.<\/h3>\n<h3 style=\"text-align: justify\"><strong>Suzana In\u00e1cio<\/strong>\u00a0&#8211; Natural de Juazeiro do Norte (CE), graduou-se em Direito pela Ufba (1986), onde tamb\u00e9m especializou-se em Direito Constitucional do Trabalho (2007). Atuou como advogada nos anos de 1986 a 1989. Empossada como ju\u00edza do Trabalho substituta do TRT-BA em 21\/4\/1989, foi promovida a ju\u00edza titular da Vara de Alagoinhas em 12\/6\/1993. Atuou tamb\u00e9m nas 2\u00aa e na 3\u00aa Varas do Trabalho de Cama\u00e7ari e nas 2\u00aa, na 16\u00aa e na 32\u00aa Varas do Trabalho de Salvador. Em 17\/3\/2015 foi promovida ao cargo de desembargadora do Trabalho pelo crit\u00e9rio de antiguidade. Foi ouvidora no bi\u00eanio 2019\/2021. At\u00e9 05\/11\/2023 integrou a 1\u00aa Turma deste Tribunal, a Subse\u00e7\u00e3o de Uniformiza\u00e7\u00e3o da Jurisprud\u00eancia e a Se\u00e7\u00e3o 1 Especializada em Diss\u00eddios Individuais. Atualmente \u00e9 Corregedora Regional Adjunta do TRT-BA (bi\u00eanio 2023\/2025), integrando o \u00d3rg\u00e3o Especial e o Ju\u00edzo de Concilia\u00e7\u00e3o de 2\u00aa Inst\u00e2ncia.<\/h3>\n<h3 style=\"text-align: justify\"><strong>Marcos Gurgel\u00a0<\/strong>&#8211; Natural de Aracaju (SE), graduou-se em Direito pela Universidade Federal da Bahia (UFBA), em 1985. Foi Procurador do Estado da Bahia. \u00c9 desembargador do TRT-BA desde 26 de janeiro de 2012, e atualmente ouvidor do Tribunal. Integra a 1\u00aa Turma, a Subse\u00e7\u00e3o de Uniformiza\u00e7\u00e3o da Jurisprud\u00eancia e a Se\u00e7\u00e3o 2 Especializada em Diss\u00eddios Individuais.<\/h3>\n<h3 style=\"text-align: justify\"><strong>Elo\u00edna Machado\u00a0<\/strong>&#8211; Natural de Concei\u00e7\u00e3o do Almeida (BA), \u00e9 graduada em Direito pela Universidade Cat\u00f3lica do Salvador (1988), e p\u00f3s-graduada em Direito Processual Civil pela Universidade Estadual de Santa Cruz (2006). Ingressou na magistratura trabalhista em 15\/3\/1990 como ju\u00edza substituta no TRT5-BA e foi promovida a ju\u00edza titular da 2\u00aa Vara do Trabalho de Itabuna, pelo crit\u00e9rio de merecimento. Na cidade, exerceu ainda a fun\u00e7\u00e3o de diretora do\u00a0F\u00f3rum\u00a0Desembargador Humberto Machado, cargo que ocupou de 1993 at\u00e9 dezembro de 2020. Tamb\u00e9m atuou em diversas oportunidades como substituta na 2\u00aa Inst\u00e2ncia do TRT-BA. Novamente promovida por merecimento, foi empossada no cargo de desembargadora do Trabalho em 27\/12\/2021. Atualmente integra a 4\u00aa Turma do Tribunal, a Subse\u00e7\u00e3o de Uniformiza\u00e7\u00e3o da Jurisprud\u00eancia e a Se\u00e7\u00e3o 1 Especializada em Diss\u00eddios Individuais. \u00c9 tamb\u00e9m a conciliadora do Regional no bi\u00eanio 2023\/2025.<\/h3>\n<h3 style=\"text-align: justify\"><strong><br \/>\nOutros cargos<\/strong><\/h3>\n<h3 style=\"text-align: justify\">Os desembargadores J\u00e9ferson Muricy e Ana Paola Diniz foram eleitos para os cargos de diretor e vice-diretora da Escola Judicial, respectivamente. Para compor o \u00d3rg\u00e3o Especial do Tribunal foram definidos os nomes dos desembargadores Maria Elisa Gon\u00e7alves, Viviane Leite e Agenor Calazans, como titulares, e dos desembargadores Ang\u00e9lica Ferreira, Edilton Meireles e Rubem Nascimento, como suplentes.<\/h3>\n<h3 style=\"text-align: justify\"><\/h3>\n","protected":false},"excerpt":{"rendered":"<p>Os desembargadores Marcos Gurgel, Ivana Magaldi, Suzana In\u00e1cio e Elo\u00edna Machado\u00a0 O TRT da 5\u00aa Regi\u00e3o (TRT-BA) elegeu, nesta sexta-feira (5\/9), a nova Administra\u00e7\u00e3o do Tribunal para o bi\u00eanio 2025\/2027, que vai tomar posse no pr\u00f3ximo dia 5 de novembro. A desembargadora Ivana M\u00e9rcia Nilo de Magaldi ser\u00e1 a nova presidente; a desembargadora Suzana Maria [&hellip;]<\/p>\n","protected":false},"author":992,"featured_media":193083,"comment_status":"open","ping_status":"closed","sticky":false,"template":"","format":"standard","meta":{"footnotes":"","_links_to":"","_links_to_target":""},"categories":[3],"tags":[],"class_list":["post-193082","post","type-post","status-publish","format-standard","has-post-thumbnail","hentry","category-cidades"],"views":250,"_links":{"self":[{"href":"https:\/\/www.politicosdosuldabahia.com.br\/v1\/wp-json\/wp\/v2\/posts\/193082"}],"collection":[{"href":"https:\/\/www.politicosdosuldabahia.com.br\/v1\/wp-json\/wp\/v2\/posts"}],"about":[{"href":"https:\/\/www.politicosdosuldabahia.com.br\/v1\/wp-json\/wp\/v2\/types\/post"}],"author":[{"embeddable":true,"href":"https:\/\/www.politicosdosuldabahia.com.br\/v1\/wp-json\/wp\/v2\/users\/992"}],"replies":[{"embeddable":true,"href":"https:\/\/www.politicosdosuldabahia.com.br\/v1\/wp-json\/wp\/v2\/comments?post=193082"}],"version-history":[{"count":1,"href":"https:\/\/www.politicosdosuldabahia.com.br\/v1\/wp-json\/wp\/v2\/posts\/193082\/revisions"}],"predecessor-version":[{"id":193084,"href":"https:\/\/www.politicosdosuldabahia.com.br\/v1\/wp-json\/wp\/v2\/posts\/193082\/revisions\/193084"}],"wp:featuredmedia":[{"embeddable":true,"href":"https:\/\/www.politicosdosuldabahia.com.br\/v1\/wp-json\/wp\/v2\/media\/193083"}],"wp:attachment":[{"href":"https:\/\/www.politicosdosuldabahia.com.br\/v1\/wp-json\/wp\/v2\/media?parent=193082"}],"wp:term":[{"taxonomy":"category","embeddable":true,"href":"https:\/\/www.politicosdosuldabahia.com.br\/v1\/wp-json\/wp\/v2\/categories?post=193082"},{"taxonomy":"post_tag","embeddable":true,"href":"https:\/\/www.politicosdosuldabahia.com.br\/v1\/wp-json\/wp\/v2\/tags?post=193082"}],"curies":[{"name":"wp","href":"https:\/\/api.w.org\/{rel}","templated":true}]}}