
{"id":193079,"date":"2025-09-05T22:48:13","date_gmt":"2025-09-06T01:48:13","guid":{"rendered":"https:\/\/www.politicosdosuldabahia.com.br\/v1\/?p=193079"},"modified":"2025-09-05T22:48:13","modified_gmt":"2025-09-06T01:48:13","slug":"nova-canaa-celebra-a-independencia-do-brasil-com-ato-civico-e-desfile-civico","status":"publish","type":"post","link":"https:\/\/www.politicosdosuldabahia.com.br\/v1\/2025\/09\/05\/nova-canaa-celebra-a-independencia-do-brasil-com-ato-civico-e-desfile-civico\/","title":{"rendered":"NOVA CANA\u00c3 CELEBRA A INDEPEND\u00caNCIA DO BRASIL COM ATO C\u00cdVICO E DESFILE C\u00cdVICO"},"content":{"rendered":"<h3><img loading=\"lazy\" decoding=\"async\" class=\"alignnone size-full wp-image-193080 aligncenter\" src=\"http:\/\/www.politicosdosuldabahia.com.br\/v1\/wp-content\/uploads\/2025\/09\/WhatsApp-Image-2025-09-05-at-22.44.20.jpeg\" alt=\"\" width=\"399\" height=\"455\" srcset=\"https:\/\/www.politicosdosuldabahia.com.br\/v1\/wp-content\/uploads\/2025\/09\/WhatsApp-Image-2025-09-05-at-22.44.20.jpeg 399w, https:\/\/www.politicosdosuldabahia.com.br\/v1\/wp-content\/uploads\/2025\/09\/WhatsApp-Image-2025-09-05-at-22.44.20-263x300.jpeg 263w\" sizes=\"(max-width: 399px) 100vw, 399px\" \/><\/h3>\n<h3 style=\"text-align: justify\">Na manh\u00e3 desta sexta-feira, 05 de setembro, a comunidade de Nova Cana\u00e3 se reuniu para celebrar a Independ\u00eancia do Brasil em um momento marcado por uni\u00e3o, cidadania e patriotismo.<\/h3>\n<h3 style=\"text-align: justify\">As atividades tiveram in\u00edcio com o Ato C\u00edvico realizado pela gest\u00e3o municipal, na Pra\u00e7a Lomanto J\u00fanior, que contou com a presen\u00e7a de autoridades, representantes escolares, estudantes e comunidade em geral. O momento foi dedicado \u00e0 valoriza\u00e7\u00e3o da hist\u00f3ria do pa\u00eds e ao fortalecimento do sentimento de pertencimento e respeito aos s\u00edmbolos nacionais.<\/h3>\n<h3 style=\"text-align: justify\">Logo ap\u00f3s, a cidade acompanhou o Desfile C\u00edvico promovido pela rede estadual de ensino, com sa\u00edda da Pra\u00e7a da Rodovi\u00e1ria. O desfile levou \u00e0s ruas apresenta\u00e7\u00f5es que ressaltaram a import\u00e2ncia da independ\u00eancia, a cultura, os valores e a identidade do povo brasileiro.<\/h3>\n<h3 style=\"text-align: justify\">A Prefeitura de Nova Cana\u00e3, por meio da Secretaria Municipal de Educa\u00e7\u00e3o, destacou a import\u00e2ncia da participa\u00e7\u00e3o da rede municipal no Ato C\u00edvico e do engajamento da comunidade escolar no fortalecimento da cidadania.<\/h3>\n<h3 style=\"text-align: justify\">O prefeito Doi Rocha ressaltou que momentos como este reafirmam o compromisso do munic\u00edpio em valorizar a hist\u00f3ria e cultivar o amor \u00e0 P\u00e1tria:<\/h3>\n<h3 style=\"text-align: justify\">\u201cA celebra\u00e7\u00e3o da Independ\u00eancia \u00e9 um ato de respeito ao nosso passado e de esperan\u00e7a no nosso futuro. Foi um dia de uni\u00e3o, de cidadania e de amor pelo Brasil e por Nova Cana\u00e3.\u201d<\/h3>\n<h3 style=\"text-align: justify\">O evento foi conclu\u00eddo com a participa\u00e7\u00e3o da comunidade, que acompanhou cada momento com entusiasmo, refor\u00e7ando a mensagem de que nossa bandeira \u00e9 a cidadania.<\/h3>\n","protected":false},"excerpt":{"rendered":"<p>Na manh\u00e3 desta sexta-feira, 05 de setembro, a comunidade de Nova Cana\u00e3 se reuniu para celebrar a Independ\u00eancia do Brasil em um momento marcado por uni\u00e3o, cidadania e patriotismo. As atividades tiveram in\u00edcio com o Ato C\u00edvico realizado pela gest\u00e3o municipal, na Pra\u00e7a Lomanto J\u00fanior, que contou com a presen\u00e7a de autoridades, representantes escolares, estudantes [&hellip;]<\/p>\n","protected":false},"author":992,"featured_media":193080,"comment_status":"open","ping_status":"closed","sticky":false,"template":"","format":"standard","meta":{"footnotes":"","_links_to":"","_links_to_target":""},"categories":[3],"tags":[],"class_list":["post-193079","post","type-post","status-publish","format-standard","has-post-thumbnail","hentry","category-cidades"],"views":190,"_links":{"self":[{"href":"https:\/\/www.politicosdosuldabahia.com.br\/v1\/wp-json\/wp\/v2\/posts\/193079"}],"collection":[{"href":"https:\/\/www.politicosdosuldabahia.com.br\/v1\/wp-json\/wp\/v2\/posts"}],"about":[{"href":"https:\/\/www.politicosdosuldabahia.com.br\/v1\/wp-json\/wp\/v2\/types\/post"}],"author":[{"embeddable":true,"href":"https:\/\/www.politicosdosuldabahia.com.br\/v1\/wp-json\/wp\/v2\/users\/992"}],"replies":[{"embeddable":true,"href":"https:\/\/www.politicosdosuldabahia.com.br\/v1\/wp-json\/wp\/v2\/comments?post=193079"}],"version-history":[{"count":1,"href":"https:\/\/www.politicosdosuldabahia.com.br\/v1\/wp-json\/wp\/v2\/posts\/193079\/revisions"}],"predecessor-version":[{"id":193081,"href":"https:\/\/www.politicosdosuldabahia.com.br\/v1\/wp-json\/wp\/v2\/posts\/193079\/revisions\/193081"}],"wp:featuredmedia":[{"embeddable":true,"href":"https:\/\/www.politicosdosuldabahia.com.br\/v1\/wp-json\/wp\/v2\/media\/193080"}],"wp:attachment":[{"href":"https:\/\/www.politicosdosuldabahia.com.br\/v1\/wp-json\/wp\/v2\/media?parent=193079"}],"wp:term":[{"taxonomy":"category","embeddable":true,"href":"https:\/\/www.politicosdosuldabahia.com.br\/v1\/wp-json\/wp\/v2\/categories?post=193079"},{"taxonomy":"post_tag","embeddable":true,"href":"https:\/\/www.politicosdosuldabahia.com.br\/v1\/wp-json\/wp\/v2\/tags?post=193079"}],"curies":[{"name":"wp","href":"https:\/\/api.w.org\/{rel}","templated":true}]}}