
{"id":193075,"date":"2025-09-05T22:46:32","date_gmt":"2025-09-06T01:46:32","guid":{"rendered":"https:\/\/www.politicosdosuldabahia.com.br\/v1\/?p=193075"},"modified":"2025-09-05T22:46:32","modified_gmt":"2025-09-06T01:46:32","slug":"itaju-do-colonia-sexta-feira-de-entregas-e-novos-anuncios","status":"publish","type":"post","link":"https:\/\/www.politicosdosuldabahia.com.br\/v1\/2025\/09\/05\/itaju-do-colonia-sexta-feira-de-entregas-e-novos-anuncios\/","title":{"rendered":"ITAJU DO COL\u00d4NIA: SEXTA-FEIRA DE ENTREGAS E NOVOS AN\u00daNCIOS"},"content":{"rendered":"<p><img loading=\"lazy\" decoding=\"async\" class=\"alignnone size-full wp-image-193076 aligncenter\" src=\"http:\/\/www.politicosdosuldabahia.com.br\/v1\/wp-content\/uploads\/2025\/09\/WhatsApp-Image-2025-09-05-at-22.44.14.jpeg\" alt=\"\" width=\"455\" height=\"455\" srcset=\"https:\/\/www.politicosdosuldabahia.com.br\/v1\/wp-content\/uploads\/2025\/09\/WhatsApp-Image-2025-09-05-at-22.44.14.jpeg 455w, https:\/\/www.politicosdosuldabahia.com.br\/v1\/wp-content\/uploads\/2025\/09\/WhatsApp-Image-2025-09-05-at-22.44.14-300x300.jpeg 300w, https:\/\/www.politicosdosuldabahia.com.br\/v1\/wp-content\/uploads\/2025\/09\/WhatsApp-Image-2025-09-05-at-22.44.14-150x150.jpeg 150w\" sizes=\"(max-width: 455px) 100vw, 455px\" \/><\/p>\n<h3 style=\"text-align: justify\">Essa sexta-feira, (5), foi marcada por importantes conquistas para o povo de Itaju do Col\u00f4nia. O prefeito Elder Fontes realizou a entrega de novos ve\u00edculos e equipamentos que ir\u00e3o fortalecer setores essenciais do munic\u00edpio.<\/h3>\n<h3 style=\"text-align: justify\">Na \u00e1rea da sa\u00fade, foram entregues uma van TFD, que dar\u00e1 mais conforto e seguran\u00e7a aos pacientes que precisam se deslocar para tratamento fora do domic\u00edlio, e um carro modelo Yaris, que servir\u00e1 de suporte para ampliar a mobilidade e a efici\u00eancia dos servi\u00e7os de sa\u00fade.<\/h3>\n<h3 style=\"text-align: justify\">Na agricultura, o prefeito refor\u00e7ou o compromisso com os trabalhadores e a economia local ao entregar tr\u00eas tratores que ir\u00e3o impulsionar o fortalecimento da agricultura familiar, garantindo mais produ\u00e7\u00e3o, renda e qualidade de vida para as fam\u00edlias do campo.<\/h3>\n<h3 style=\"text-align: justify\">Al\u00e9m das entregas, Elder Fontes anunciou uma s\u00e9rie de obras que ter\u00e3o in\u00edcio nos pr\u00f3ximos meses, mostrando que o munic\u00edpio segue em ritmo acelerado de desenvolvimento. O gestor tamb\u00e9m destacou que, na pr\u00f3xima semana, estar\u00e1 em Bras\u00edlia, onde tratar\u00e1 de pautas fundamentais: a constru\u00e7\u00e3o do frigor\u00edfico municipal, que representar\u00e1 um salto no setor agropecu\u00e1rio, e a articula\u00e7\u00e3o para a libera\u00e7\u00e3o dos precat\u00f3rios da educa\u00e7\u00e3o, um recurso que poder\u00e1 transformar ainda mais a realidade do ensino em Itaju do Col\u00f4nia.<\/h3>\n<h3 style=\"text-align: justify\">Com a\u00e7\u00f5es concretas e novos projetos a caminho, a gest\u00e3o municipal reafirma seu compromisso com o desenvolvimento de todos os setores, cuidando das pessoas e garantindo avan\u00e7os que marcam a hist\u00f3ria do munic\u00edpio.<\/h3>\n","protected":false},"excerpt":{"rendered":"<p>Essa sexta-feira, (5), foi marcada por importantes conquistas para o povo de Itaju do Col\u00f4nia. O prefeito Elder Fontes realizou a entrega de novos ve\u00edculos e equipamentos que ir\u00e3o fortalecer setores essenciais do munic\u00edpio. Na \u00e1rea da sa\u00fade, foram entregues uma van TFD, que dar\u00e1 mais conforto e seguran\u00e7a aos pacientes que precisam se deslocar [&hellip;]<\/p>\n","protected":false},"author":992,"featured_media":193076,"comment_status":"open","ping_status":"closed","sticky":false,"template":"","format":"standard","meta":{"footnotes":"","_links_to":"","_links_to_target":""},"categories":[3],"tags":[],"class_list":["post-193075","post","type-post","status-publish","format-standard","has-post-thumbnail","hentry","category-cidades"],"views":197,"_links":{"self":[{"href":"https:\/\/www.politicosdosuldabahia.com.br\/v1\/wp-json\/wp\/v2\/posts\/193075"}],"collection":[{"href":"https:\/\/www.politicosdosuldabahia.com.br\/v1\/wp-json\/wp\/v2\/posts"}],"about":[{"href":"https:\/\/www.politicosdosuldabahia.com.br\/v1\/wp-json\/wp\/v2\/types\/post"}],"author":[{"embeddable":true,"href":"https:\/\/www.politicosdosuldabahia.com.br\/v1\/wp-json\/wp\/v2\/users\/992"}],"replies":[{"embeddable":true,"href":"https:\/\/www.politicosdosuldabahia.com.br\/v1\/wp-json\/wp\/v2\/comments?post=193075"}],"version-history":[{"count":1,"href":"https:\/\/www.politicosdosuldabahia.com.br\/v1\/wp-json\/wp\/v2\/posts\/193075\/revisions"}],"predecessor-version":[{"id":193077,"href":"https:\/\/www.politicosdosuldabahia.com.br\/v1\/wp-json\/wp\/v2\/posts\/193075\/revisions\/193077"}],"wp:featuredmedia":[{"embeddable":true,"href":"https:\/\/www.politicosdosuldabahia.com.br\/v1\/wp-json\/wp\/v2\/media\/193076"}],"wp:attachment":[{"href":"https:\/\/www.politicosdosuldabahia.com.br\/v1\/wp-json\/wp\/v2\/media?parent=193075"}],"wp:term":[{"taxonomy":"category","embeddable":true,"href":"https:\/\/www.politicosdosuldabahia.com.br\/v1\/wp-json\/wp\/v2\/categories?post=193075"},{"taxonomy":"post_tag","embeddable":true,"href":"https:\/\/www.politicosdosuldabahia.com.br\/v1\/wp-json\/wp\/v2\/tags?post=193075"}],"curies":[{"name":"wp","href":"https:\/\/api.w.org\/{rel}","templated":true}]}}