
{"id":193063,"date":"2025-09-05T17:13:05","date_gmt":"2025-09-05T20:13:05","guid":{"rendered":"https:\/\/www.politicosdosuldabahia.com.br\/v1\/?p=193063"},"modified":"2025-09-05T17:13:05","modified_gmt":"2025-09-05T20:13:05","slug":"ubaitaba-gracinha-viana-reforca-parceria-com-o-governador-jeronimo-rodrigues-no-forum-de-gestao-publica","status":"publish","type":"post","link":"https:\/\/www.politicosdosuldabahia.com.br\/v1\/2025\/09\/05\/ubaitaba-gracinha-viana-reforca-parceria-com-o-governador-jeronimo-rodrigues-no-forum-de-gestao-publica\/","title":{"rendered":"UBAITABA: GRACINHA VIANA REFOR\u00c7A PARCERIA COM O GOVERNADOR JER\u00d4NIMO RODRIGUES NO F\u00d3RUM DE GEST\u00c3O P\u00daBLICA"},"content":{"rendered":"<p><img loading=\"lazy\" decoding=\"async\" class=\"alignnone size-full wp-image-193064 aligncenter\" src=\"http:\/\/www.politicosdosuldabahia.com.br\/v1\/wp-content\/uploads\/2025\/09\/WhatsApp-Image-2025-09-05-at-15.10.44.jpeg\" alt=\"\" width=\"455\" height=\"323\" srcset=\"https:\/\/www.politicosdosuldabahia.com.br\/v1\/wp-content\/uploads\/2025\/09\/WhatsApp-Image-2025-09-05-at-15.10.44.jpeg 455w, https:\/\/www.politicosdosuldabahia.com.br\/v1\/wp-content\/uploads\/2025\/09\/WhatsApp-Image-2025-09-05-at-15.10.44-300x213.jpeg 300w\" sizes=\"(max-width: 455px) 100vw, 455px\" \/><\/p>\n<h3 style=\"text-align: justify\">A prefeita de Ubaitaba, Gracinha Viana, participou na manh\u00e3 desta sexta-feira (5) da primeira edi\u00e7\u00e3o do F\u00f3rum de Gest\u00e3o P\u00fablica e Controle Sustent\u00e1vel, promovido pelo Tribunal de Contas da Uni\u00e3o (TCU), realizado no Fiesta Bahia Hotel, em Salvador. O evento reuniu gestores municipais, autoridades e especialistas para debater transpar\u00eancia, controle social e participa\u00e7\u00e3o cidad\u00e3 na administra\u00e7\u00e3o p\u00fablica.<\/h3>\n<h3 style=\"text-align: justify\">Durante o f\u00f3rum, a prefeita Gracinha Viana destacou a import\u00e2ncia de aproximar o trabalho dos \u00f3rg\u00e3os de controle da realidade dos munic\u00edpios e ressaltou a parceria estrat\u00e9gica com o governador Jer\u00f4nimo Rodrigues, presente no evento, fortalecendo a\u00e7\u00f5es conjuntas em prol do desenvolvimento regional. A presen\u00e7a de outras autoridades refor\u00e7ou a import\u00e2ncia da uni\u00e3o entre gestores municipais e estadual para solu\u00e7\u00f5es mais eficientes e sustent\u00e1veis.<\/h3>\n<h3 style=\"text-align: justify\">Com palestras e pain\u00e9is de especialistas, o f\u00f3rum estimulou a cria\u00e7\u00e3o de redes de coopera\u00e7\u00e3o entre gestores, \u00f3rg\u00e3os de controle e sociedade civil. Para a prefeita, participar de iniciativas como essa fortalece a gest\u00e3o local e refor\u00e7a a sintonia com o governo do Estado, garantindo pol\u00edticas p\u00fablicas mais transparentes e pr\u00f3ximas da popula\u00e7\u00e3o.<\/h3>\n","protected":false},"excerpt":{"rendered":"<p>A prefeita de Ubaitaba, Gracinha Viana, participou na manh\u00e3 desta sexta-feira (5) da primeira edi\u00e7\u00e3o do F\u00f3rum de Gest\u00e3o P\u00fablica e Controle Sustent\u00e1vel, promovido pelo Tribunal de Contas da Uni\u00e3o (TCU), realizado no Fiesta Bahia Hotel, em Salvador. O evento reuniu gestores municipais, autoridades e especialistas para debater transpar\u00eancia, controle social e participa\u00e7\u00e3o cidad\u00e3 na [&hellip;]<\/p>\n","protected":false},"author":992,"featured_media":193064,"comment_status":"open","ping_status":"closed","sticky":false,"template":"","format":"standard","meta":{"footnotes":"","_links_to":"","_links_to_target":""},"categories":[3],"tags":[],"class_list":["post-193063","post","type-post","status-publish","format-standard","has-post-thumbnail","hentry","category-cidades"],"views":178,"_links":{"self":[{"href":"https:\/\/www.politicosdosuldabahia.com.br\/v1\/wp-json\/wp\/v2\/posts\/193063"}],"collection":[{"href":"https:\/\/www.politicosdosuldabahia.com.br\/v1\/wp-json\/wp\/v2\/posts"}],"about":[{"href":"https:\/\/www.politicosdosuldabahia.com.br\/v1\/wp-json\/wp\/v2\/types\/post"}],"author":[{"embeddable":true,"href":"https:\/\/www.politicosdosuldabahia.com.br\/v1\/wp-json\/wp\/v2\/users\/992"}],"replies":[{"embeddable":true,"href":"https:\/\/www.politicosdosuldabahia.com.br\/v1\/wp-json\/wp\/v2\/comments?post=193063"}],"version-history":[{"count":1,"href":"https:\/\/www.politicosdosuldabahia.com.br\/v1\/wp-json\/wp\/v2\/posts\/193063\/revisions"}],"predecessor-version":[{"id":193065,"href":"https:\/\/www.politicosdosuldabahia.com.br\/v1\/wp-json\/wp\/v2\/posts\/193063\/revisions\/193065"}],"wp:featuredmedia":[{"embeddable":true,"href":"https:\/\/www.politicosdosuldabahia.com.br\/v1\/wp-json\/wp\/v2\/media\/193064"}],"wp:attachment":[{"href":"https:\/\/www.politicosdosuldabahia.com.br\/v1\/wp-json\/wp\/v2\/media?parent=193063"}],"wp:term":[{"taxonomy":"category","embeddable":true,"href":"https:\/\/www.politicosdosuldabahia.com.br\/v1\/wp-json\/wp\/v2\/categories?post=193063"},{"taxonomy":"post_tag","embeddable":true,"href":"https:\/\/www.politicosdosuldabahia.com.br\/v1\/wp-json\/wp\/v2\/tags?post=193063"}],"curies":[{"name":"wp","href":"https:\/\/api.w.org\/{rel}","templated":true}]}}