
{"id":193060,"date":"2025-09-05T17:11:20","date_gmt":"2025-09-05T20:11:20","guid":{"rendered":"https:\/\/www.politicosdosuldabahia.com.br\/v1\/?p=193060"},"modified":"2025-09-05T17:11:20","modified_gmt":"2025-09-05T20:11:20","slug":"ibirataia-prefeito-sandro-futuca-destaca-avancos-de-sua-gestao-em-entrevista-ao-programa-panorama","status":"publish","type":"post","link":"https:\/\/www.politicosdosuldabahia.com.br\/v1\/2025\/09\/05\/ibirataia-prefeito-sandro-futuca-destaca-avancos-de-sua-gestao-em-entrevista-ao-programa-panorama\/","title":{"rendered":"IBIRATAIA: PREFEITO SANDRO FUTUCA DESTACA AVAN\u00c7OS\u00a0 DE SUA GEST\u00c3O EM ENTREVISTA AO PROGRAMA PANORAMA"},"content":{"rendered":"<p><img loading=\"lazy\" decoding=\"async\" class=\"wp-image-193061 aligncenter\" src=\"http:\/\/www.politicosdosuldabahia.com.br\/v1\/wp-content\/uploads\/2025\/09\/WhatsApp-Image-2025-09-05-at-13.40.54.jpeg\" alt=\"\" width=\"455\" height=\"256\" srcset=\"https:\/\/www.politicosdosuldabahia.com.br\/v1\/wp-content\/uploads\/2025\/09\/WhatsApp-Image-2025-09-05-at-13.40.54.jpeg 500w, https:\/\/www.politicosdosuldabahia.com.br\/v1\/wp-content\/uploads\/2025\/09\/WhatsApp-Image-2025-09-05-at-13.40.54-300x169.jpeg 300w\" sizes=\"(max-width: 455px) 100vw, 455px\" \/><\/p>\n<h3 style=\"text-align: justify\">O prefeito de Ibirataia, Sandro Futuca, foi entrevistado nesta sexta-feira (5) no Programa Panorama, da 91 FM de Ipia\u00fa, pelo radialista Beto Marques, e falou sobre os principais avan\u00e7os de sua gest\u00e3o nos nove primeiros meses no cargo. Segundo pesquisa Data Sol, o prefeito possui mais de 90% de aprova\u00e7\u00e3o, reflexo do trabalho pr\u00f3ximo \u00e0 popula\u00e7\u00e3o. \u201cN\u00e3o sou prefeito s\u00f3 de gabinete, gosto de estar presente nas obras, nas ruas, fazendo meu papel no munic\u00edpio\u201d, destacou Futuca.<\/h3>\n<h3 style=\"text-align: justify\">O gestor explicou que a entrevista teve como objetivo prestar contas \u00e0 popula\u00e7\u00e3o e refor\u00e7ou o compromisso com a transpar\u00eancia. Em educa\u00e7\u00e3o, destacou a amplia\u00e7\u00e3o das escolas de tempo integral, reformas das unidades, valoriza\u00e7\u00e3o dos professores com pagamento do piso e ter\u00e7o de f\u00e9rias, e constru\u00e7\u00e3o de novas salas de aula. \u201cTodas as escolas de Ibirataia, inclusive na zona rural, j\u00e1 t\u00eam banheiros e estrutura adequada\u201d, afirmou.<\/h3>\n<h3 style=\"text-align: justify\">Na \u00e1rea da sa\u00fade, Futuca mencionou a aquisi\u00e7\u00e3o de ambul\u00e2ncias e frota para TFD, constru\u00e7\u00e3o de novas UBS\u2019s e abastecimento da farm\u00e1cia municipal. Destacou tamb\u00e9m melhorias em infraestrutura, como a ilumina\u00e7\u00e3o de LED em toda a cidade, pavimenta\u00e7\u00e3o de mais de 4 mil metros de vias, terraplanagem para o Complexo Policial e requalifica\u00e7\u00e3o da feira livre, incluindo instala\u00e7\u00e3o de piso resistente e SAC Municipal. No distrito de Algod\u00e3o, o prefeito anunciou a constru\u00e7\u00e3o de uma escola e uma UBS.<\/h3>\n<h3 style=\"text-align: justify\">O transporte escolar e universit\u00e1rio tamb\u00e9m foi lembrado, com destaque para o \u00f4nibus recebido do governo federal, beneficiando estudantes da zona rural e universit\u00e1rios que estudam em outras cidades. Na agricultura, Futuca citou a entrega de suplementos, projetos de incentivo ao homem do campo e a consolida\u00e7\u00e3o da Feira de Agricultura.<\/h3>\n<h3 style=\"text-align: justify\">O prefeito ainda ressaltou eventos culturais que movimentaram o munic\u00edpio: o S\u00e3o Jo\u00e3o 2025, considerado hist\u00f3rico, gerando impacto positivo no com\u00e9rcio local, e a Marcha para Jesus, com apoio log\u00edstico da prefeitura, reafirmando o compromisso com os eventos religiosos. Sandro Futuca tamb\u00e9m comentou sobre a seguran\u00e7a, com projeto de cria\u00e7\u00e3o da Guarda Municipal e implementa\u00e7\u00e3o de sistema de monitoramento, refor\u00e7ando o trabalho da Pol\u00edcia Militar e Civil.<\/h3>\n","protected":false},"excerpt":{"rendered":"<p>O prefeito de Ibirataia, Sandro Futuca, foi entrevistado nesta sexta-feira (5) no Programa Panorama, da 91 FM de Ipia\u00fa, pelo radialista Beto Marques, e falou sobre os principais avan\u00e7os de sua gest\u00e3o nos nove primeiros meses no cargo. Segundo pesquisa Data Sol, o prefeito possui mais de 90% de aprova\u00e7\u00e3o, reflexo do trabalho pr\u00f3ximo \u00e0 [&hellip;]<\/p>\n","protected":false},"author":992,"featured_media":193061,"comment_status":"open","ping_status":"closed","sticky":false,"template":"","format":"standard","meta":{"footnotes":"","_links_to":"","_links_to_target":""},"categories":[3],"tags":[],"class_list":["post-193060","post","type-post","status-publish","format-standard","has-post-thumbnail","hentry","category-cidades"],"views":190,"_links":{"self":[{"href":"https:\/\/www.politicosdosuldabahia.com.br\/v1\/wp-json\/wp\/v2\/posts\/193060"}],"collection":[{"href":"https:\/\/www.politicosdosuldabahia.com.br\/v1\/wp-json\/wp\/v2\/posts"}],"about":[{"href":"https:\/\/www.politicosdosuldabahia.com.br\/v1\/wp-json\/wp\/v2\/types\/post"}],"author":[{"embeddable":true,"href":"https:\/\/www.politicosdosuldabahia.com.br\/v1\/wp-json\/wp\/v2\/users\/992"}],"replies":[{"embeddable":true,"href":"https:\/\/www.politicosdosuldabahia.com.br\/v1\/wp-json\/wp\/v2\/comments?post=193060"}],"version-history":[{"count":1,"href":"https:\/\/www.politicosdosuldabahia.com.br\/v1\/wp-json\/wp\/v2\/posts\/193060\/revisions"}],"predecessor-version":[{"id":193062,"href":"https:\/\/www.politicosdosuldabahia.com.br\/v1\/wp-json\/wp\/v2\/posts\/193060\/revisions\/193062"}],"wp:featuredmedia":[{"embeddable":true,"href":"https:\/\/www.politicosdosuldabahia.com.br\/v1\/wp-json\/wp\/v2\/media\/193061"}],"wp:attachment":[{"href":"https:\/\/www.politicosdosuldabahia.com.br\/v1\/wp-json\/wp\/v2\/media?parent=193060"}],"wp:term":[{"taxonomy":"category","embeddable":true,"href":"https:\/\/www.politicosdosuldabahia.com.br\/v1\/wp-json\/wp\/v2\/categories?post=193060"},{"taxonomy":"post_tag","embeddable":true,"href":"https:\/\/www.politicosdosuldabahia.com.br\/v1\/wp-json\/wp\/v2\/tags?post=193060"}],"curies":[{"name":"wp","href":"https:\/\/api.w.org\/{rel}","templated":true}]}}