
{"id":193044,"date":"2025-09-04T22:17:08","date_gmt":"2025-09-05T01:17:08","guid":{"rendered":"https:\/\/www.politicosdosuldabahia.com.br\/v1\/?p=193044"},"modified":"2025-09-04T22:17:08","modified_gmt":"2025-09-05T01:17:08","slug":"itabuna-prefeitura-interdita-ruas-e-avenidas-do-centro-para-o-desfile-civico-do-sete-de-setembro","status":"publish","type":"post","link":"https:\/\/www.politicosdosuldabahia.com.br\/v1\/2025\/09\/04\/itabuna-prefeitura-interdita-ruas-e-avenidas-do-centro-para-o-desfile-civico-do-sete-de-setembro\/","title":{"rendered":"ITABUNA: PREFEITURA INTERDITA RUAS E AVENIDAS DO CENTRO PARA O DESFILE C\u00cdVICO DO SETE DE SETEMBRO"},"content":{"rendered":"<p><img loading=\"lazy\" decoding=\"async\" class=\"alignnone size-full wp-image-193045 aligncenter\" src=\"http:\/\/www.politicosdosuldabahia.com.br\/v1\/wp-content\/uploads\/2025\/09\/Sete-de-Setembro-2023-Foto-arquivo.jpeg\" alt=\"\" width=\"455\" height=\"262\" srcset=\"https:\/\/www.politicosdosuldabahia.com.br\/v1\/wp-content\/uploads\/2025\/09\/Sete-de-Setembro-2023-Foto-arquivo.jpeg 455w, https:\/\/www.politicosdosuldabahia.com.br\/v1\/wp-content\/uploads\/2025\/09\/Sete-de-Setembro-2023-Foto-arquivo-300x173.jpeg 300w\" sizes=\"(max-width: 455px) 100vw, 455px\" \/><\/p>\n<h3 style=\"text-align: justify\">A Prefeitura de Itabuna, por interm\u00e9dio da Secretaria Municipal de Transportes e Tr\u00e2nsito (SETTRAN) realizar\u00e1 a interdi\u00e7\u00e3o tempor\u00e1ria de ruas e avenidas do centro da cidade nas imedia\u00e7\u00f5es da Pra\u00e7a Jos\u00e9 de Almeida Alc\u00e2ntara (Jardim do \u00d3) para a concentra\u00e7\u00e3o de organiza\u00e7\u00f5es militares e escolas da rede p\u00fablica e particular que v\u00e3o desfilar no domingo no 7 de Setembro.<\/h3>\n<h3 style=\"text-align: justify\">Por isso, condutores de ve\u00edculos automotores e ciclomotores devem ficar atentos porque a interdi\u00e7\u00e3o come\u00e7a \u00e0 zero horas do dia 7\u00a0 e se estender\u00e1 at\u00e9 o t\u00e9rmino do desfile c\u00edvico pela Avenida do Cinquenten\u00e1rio. O tr\u00e2nsito ser\u00e1 inteiramente modificado no entorno do Jardim do \u00d3.<\/h3>\n<h3 style=\"text-align: justify\">At\u00e9 o fim do Desfile do 7 de Setembro, o fluxo de \u00f4nibus do transporte coletivo e de ve\u00edculos particulares que trafegam pelas ruas centrais da cidade tamb\u00e9m sofrer\u00e1 modifica\u00e7\u00f5es em suas rotas e itiner\u00e1rios.<\/h3>\n<h3 style=\"text-align: justify\">Os ve\u00edculos que se deslocarem dos bairros Calif\u00f3rnia, F\u00e1tima, Santa In\u00eas, Antique, Monte Cristo e Caixa D\u2019\u00e1gua com destino ao Jequitib\u00e1 Plaza Shopping, S\u00e3o Caetano e outros bairros circunvizinhos dever\u00e3o trafegar via avenidas Juracy Magalh\u00e3es e Am\u00e9lia Amado e ruas das Na\u00e7\u00f5es Unidas, Zildo Pedro Guimar\u00e3es, Rosenaide, Bahia e Zildolina em dire\u00e7\u00e3o \u00e0 Ponte do S\u00e3o Caetano e Avenida Princesa Isabel.<\/h3>\n<h3 style=\"text-align: justify\">J\u00e1 os \u00f4nibus e ve\u00edculos que se deslocarem dos bairros S\u00e3o Caetano, Banco Raso, Pedro Jer\u00f4nimo, Sarinha Alc\u00e2ntara, Jardim Primavera e localidades circunvizinhas com destino ao Centro Comercial, Centro da Cidade e \u00e0 cidade de Ilh\u00e9us dever\u00e3o trafegar pelas avenidas Aziz Maron, M\u00e1rio Padre ou F\u00e9lix Mendon\u00e7a, atravessando a Ponte Calixto Midlej, no Vila Zara.<\/h3>\n<h3 style=\"text-align: justify\"><strong>INTERDI\u00c7\u00d5ES<\/strong><\/h3>\n<h3 style=\"text-align: justify\">As vias que estar\u00e3o interditadas pela SETTRAN s\u00e3o as seguintes: ruas Almirante Tamandar\u00e9 e \u00a0Izolina Guimar\u00e3es (Centro de Cultura Adonias Filho), sentido Jardim do \u00d3;\u00a0 Avenida Fernando Cordier;\u00a0 ponte do Bairro S\u00e3o Caetano (rotat\u00f3ria), sentido Centro da Cidade; e Rua Dalila Paganelli, sentido Jardim do \u00d3.<\/h3>\n<h3 style=\"text-align: justify\">Tamb\u00e9m haver\u00e1 interdi\u00e7\u00e3o na Pra\u00e7a Olinto Leone, sentido ruas Paulino Vieira e Firmino Alves; Pra\u00e7a Adami, sentido Avenida Cinquenten\u00e1rio; Rua Professor Alicio de Queiroz, sentido Pra\u00e7a Ot\u00e1vio Mangabeira (Pra\u00e7a Camacan), Avenida Garcia, Rua Rui Barbosa e em todas as transversais da Avenida Cinquenten\u00e1rio.<\/h3>\n<h3 style=\"text-align: justify\">Al\u00e9m da suspens\u00e3o do tr\u00e1fego, n\u00e3o ser\u00e1 permitido o estacionamento de ve\u00edculos nestas vias. A libera\u00e7\u00e3o para das vias do centro se dar\u00e1 somente ap\u00f3s a evacua\u00e7\u00e3o do p\u00fablico, com o fim do desfile. A SETTRAN manter\u00e1 seus agentes espalhados por todo o circuito interditado, visando orientar a popula\u00e7\u00e3o.<\/h3>\n<h3 style=\"text-align: justify\"><\/h3>\n","protected":false},"excerpt":{"rendered":"<p>A Prefeitura de Itabuna, por interm\u00e9dio da Secretaria Municipal de Transportes e Tr\u00e2nsito (SETTRAN) realizar\u00e1 a interdi\u00e7\u00e3o tempor\u00e1ria de ruas e avenidas do centro da cidade nas imedia\u00e7\u00f5es da Pra\u00e7a Jos\u00e9 de Almeida Alc\u00e2ntara (Jardim do \u00d3) para a concentra\u00e7\u00e3o de organiza\u00e7\u00f5es militares e escolas da rede p\u00fablica e particular que v\u00e3o desfilar no domingo [&hellip;]<\/p>\n","protected":false},"author":992,"featured_media":193045,"comment_status":"open","ping_status":"closed","sticky":false,"template":"","format":"standard","meta":{"footnotes":"","_links_to":"","_links_to_target":""},"categories":[3],"tags":[],"class_list":["post-193044","post","type-post","status-publish","format-standard","has-post-thumbnail","hentry","category-cidades"],"views":187,"_links":{"self":[{"href":"https:\/\/www.politicosdosuldabahia.com.br\/v1\/wp-json\/wp\/v2\/posts\/193044"}],"collection":[{"href":"https:\/\/www.politicosdosuldabahia.com.br\/v1\/wp-json\/wp\/v2\/posts"}],"about":[{"href":"https:\/\/www.politicosdosuldabahia.com.br\/v1\/wp-json\/wp\/v2\/types\/post"}],"author":[{"embeddable":true,"href":"https:\/\/www.politicosdosuldabahia.com.br\/v1\/wp-json\/wp\/v2\/users\/992"}],"replies":[{"embeddable":true,"href":"https:\/\/www.politicosdosuldabahia.com.br\/v1\/wp-json\/wp\/v2\/comments?post=193044"}],"version-history":[{"count":1,"href":"https:\/\/www.politicosdosuldabahia.com.br\/v1\/wp-json\/wp\/v2\/posts\/193044\/revisions"}],"predecessor-version":[{"id":193046,"href":"https:\/\/www.politicosdosuldabahia.com.br\/v1\/wp-json\/wp\/v2\/posts\/193044\/revisions\/193046"}],"wp:featuredmedia":[{"embeddable":true,"href":"https:\/\/www.politicosdosuldabahia.com.br\/v1\/wp-json\/wp\/v2\/media\/193045"}],"wp:attachment":[{"href":"https:\/\/www.politicosdosuldabahia.com.br\/v1\/wp-json\/wp\/v2\/media?parent=193044"}],"wp:term":[{"taxonomy":"category","embeddable":true,"href":"https:\/\/www.politicosdosuldabahia.com.br\/v1\/wp-json\/wp\/v2\/categories?post=193044"},{"taxonomy":"post_tag","embeddable":true,"href":"https:\/\/www.politicosdosuldabahia.com.br\/v1\/wp-json\/wp\/v2\/tags?post=193044"}],"curies":[{"name":"wp","href":"https:\/\/api.w.org\/{rel}","templated":true}]}}