
{"id":193006,"date":"2025-09-04T09:04:45","date_gmt":"2025-09-04T12:04:45","guid":{"rendered":"https:\/\/www.politicosdosuldabahia.com.br\/v1\/?p=193006"},"modified":"2025-09-04T09:04:45","modified_gmt":"2025-09-04T12:04:45","slug":"urucuca-prefeitura-emite-nota-publica-sobre-iptu-2025","status":"publish","type":"post","link":"https:\/\/www.politicosdosuldabahia.com.br\/v1\/2025\/09\/04\/urucuca-prefeitura-emite-nota-publica-sobre-iptu-2025\/","title":{"rendered":"URU\u00c7UCA: PREFEITURA EMITE NOTA P\u00daBLICA SOBRE IPTU 2025"},"content":{"rendered":"<p><img loading=\"lazy\" decoding=\"async\" class=\"alignnone size-full wp-image-193007 aligncenter\" src=\"http:\/\/www.politicosdosuldabahia.com.br\/v1\/wp-content\/uploads\/2025\/09\/WhatsApp-Image-2025-09-04-at-08.44.42.jpeg\" alt=\"\" width=\"455\" height=\"255\" srcset=\"https:\/\/www.politicosdosuldabahia.com.br\/v1\/wp-content\/uploads\/2025\/09\/WhatsApp-Image-2025-09-04-at-08.44.42.jpeg 455w, https:\/\/www.politicosdosuldabahia.com.br\/v1\/wp-content\/uploads\/2025\/09\/WhatsApp-Image-2025-09-04-at-08.44.42-300x168.jpeg 300w\" sizes=\"(max-width: 455px) 100vw, 455px\" \/><\/p>\n<h3 style=\"text-align: justify\">A Prefeitura de Uru\u00e7uca informa que, por determina\u00e7\u00e3o da Prefeita Magn\u00f3lia Barreto e atendendo \u00e0s solicita\u00e7\u00f5es dos moradores do distrito de Serra Grande, foi realizada a revis\u00e3o dos c\u00e1lculos do IPTU 2025.<\/h3>\n<h3 style=\"text-align: justify\">A medida teve como objetivo corrigir eventuais distor\u00e7\u00f5es geradas pelo sistema eletr\u00f4nico e adequar os reajustes ao atual momento econ\u00f4mico do pa\u00eds, sempre dentro da legalidade.<\/h3>\n<h3 style=\"text-align: justify\">Tal decis\u00e3o encontra amparo no princ\u00edpio da autotutela administrativa, reconhecido pela S\u00famula 473 do Supremo Tribunal Federal, que assegura \u00e0 Administra\u00e7\u00e3o P\u00fablica o poder\u2013dever de rever seus pr\u00f3prios atos quando identificadas falhas ou situa\u00e7\u00f5es que possam prejudicar a coletividade. Nesse sentido, a Prefeitura promoveu a revis\u00e3o como forma de garantir justi\u00e7a social e equil\u00edbrio fiscal.<\/h3>\n<h3 style=\"text-align: justify\">Ap\u00f3s essa an\u00e1lise criteriosa, foi poss\u00edvel:<br \/>\n*Reduzir de forma significativa os percentuais de reajuste inicialmente aplicados;<br \/>\n*Oferecer parcelamento em at\u00e9 3 (tr\u00eas) vezes;<br \/>\n*Garantir 20% de desconto para pagamento em cota \u00fanica.<\/h3>\n<h3 style=\"text-align: justify\">Os novos valores do IPTU foram calculados aplicando a Planta Gen\u00e9rica de Valores (PGV), institu\u00edda pela Lei Municipal n\u00ba 546\/2014, sem utiliza\u00e7\u00e3o de corre\u00e7\u00e3o monet\u00e1ria. Os boletos de pagamento estar\u00e3o dispon\u00edveis a partir do dia 30 de setembro no site oficial da Prefeitura (para emiss\u00e3o online) ou no Setor de Tributos (em vers\u00e3o impressa), com vencimento em 30 de outubro de 2025.<\/h3>\n<h3 style=\"text-align: justify\">A Prefeita Magn\u00f3lia Barreto reafirma seu compromisso com a popula\u00e7\u00e3o uru\u00e7uquense, conduzindo a administra\u00e7\u00e3o municipal de forma sens\u00edvel, \u00e9tica e transparente, sempre de m\u00e3os dadas com o povo.<\/h3>\n","protected":false},"excerpt":{"rendered":"<p>A Prefeitura de Uru\u00e7uca informa que, por determina\u00e7\u00e3o da Prefeita Magn\u00f3lia Barreto e atendendo \u00e0s solicita\u00e7\u00f5es dos moradores do distrito de Serra Grande, foi realizada a revis\u00e3o dos c\u00e1lculos do IPTU 2025. A medida teve como objetivo corrigir eventuais distor\u00e7\u00f5es geradas pelo sistema eletr\u00f4nico e adequar os reajustes ao atual momento econ\u00f4mico do pa\u00eds, sempre [&hellip;]<\/p>\n","protected":false},"author":992,"featured_media":193007,"comment_status":"open","ping_status":"closed","sticky":false,"template":"","format":"standard","meta":{"footnotes":"","_links_to":"","_links_to_target":""},"categories":[3],"tags":[],"class_list":["post-193006","post","type-post","status-publish","format-standard","has-post-thumbnail","hentry","category-cidades"],"views":186,"_links":{"self":[{"href":"https:\/\/www.politicosdosuldabahia.com.br\/v1\/wp-json\/wp\/v2\/posts\/193006"}],"collection":[{"href":"https:\/\/www.politicosdosuldabahia.com.br\/v1\/wp-json\/wp\/v2\/posts"}],"about":[{"href":"https:\/\/www.politicosdosuldabahia.com.br\/v1\/wp-json\/wp\/v2\/types\/post"}],"author":[{"embeddable":true,"href":"https:\/\/www.politicosdosuldabahia.com.br\/v1\/wp-json\/wp\/v2\/users\/992"}],"replies":[{"embeddable":true,"href":"https:\/\/www.politicosdosuldabahia.com.br\/v1\/wp-json\/wp\/v2\/comments?post=193006"}],"version-history":[{"count":1,"href":"https:\/\/www.politicosdosuldabahia.com.br\/v1\/wp-json\/wp\/v2\/posts\/193006\/revisions"}],"predecessor-version":[{"id":193008,"href":"https:\/\/www.politicosdosuldabahia.com.br\/v1\/wp-json\/wp\/v2\/posts\/193006\/revisions\/193008"}],"wp:featuredmedia":[{"embeddable":true,"href":"https:\/\/www.politicosdosuldabahia.com.br\/v1\/wp-json\/wp\/v2\/media\/193007"}],"wp:attachment":[{"href":"https:\/\/www.politicosdosuldabahia.com.br\/v1\/wp-json\/wp\/v2\/media?parent=193006"}],"wp:term":[{"taxonomy":"category","embeddable":true,"href":"https:\/\/www.politicosdosuldabahia.com.br\/v1\/wp-json\/wp\/v2\/categories?post=193006"},{"taxonomy":"post_tag","embeddable":true,"href":"https:\/\/www.politicosdosuldabahia.com.br\/v1\/wp-json\/wp\/v2\/tags?post=193006"}],"curies":[{"name":"wp","href":"https:\/\/api.w.org\/{rel}","templated":true}]}}