
{"id":192998,"date":"2025-09-04T08:52:57","date_gmt":"2025-09-04T11:52:57","guid":{"rendered":"https:\/\/www.politicosdosuldabahia.com.br\/v1\/?p=192998"},"modified":"2025-09-04T08:53:16","modified_gmt":"2025-09-04T11:53:16","slug":"floresta-azul-prefeito-bambu-e-familia-lamentam-falecimento-de-dona-eurides-aos-98-anos","status":"publish","type":"post","link":"https:\/\/www.politicosdosuldabahia.com.br\/v1\/2025\/09\/04\/floresta-azul-prefeito-bambu-e-familia-lamentam-falecimento-de-dona-eurides-aos-98-anos\/","title":{"rendered":"FLORESTA AZUL: PREFEITO BAMBU E FAM\u00cdLIA LAMENTAM FALECIMENTO DE DONA EURIDES, AOS 98 ANOS"},"content":{"rendered":"<h4 style=\"text-align: center\"><img loading=\"lazy\" decoding=\"async\" class=\"alignnone wp-image-192999\" src=\"http:\/\/www.politicosdosuldabahia.com.br\/v1\/wp-content\/uploads\/2025\/09\/WhatsApp-Image-2025-09-04-at-08.50.34.jpeg\" alt=\"\" width=\"455\" height=\"412\" srcset=\"https:\/\/www.politicosdosuldabahia.com.br\/v1\/wp-content\/uploads\/2025\/09\/WhatsApp-Image-2025-09-04-at-08.50.34.jpeg 638w, https:\/\/www.politicosdosuldabahia.com.br\/v1\/wp-content\/uploads\/2025\/09\/WhatsApp-Image-2025-09-04-at-08.50.34-300x272.jpeg 300w\" sizes=\"(max-width: 455px) 100vw, 455px\" \/><\/h4>\n<h4 style=\"text-align: center\"><strong>Vi\u00fava do ex-prefeito Abdias Pedro dos Santos (Didi), in memoriam, e m\u00e3e do ex-prefeito Garraf\u00e3o, ela deixa um legado de alegria, afeto e dedica\u00e7\u00e3o \u00e0 fam\u00edlia<\/strong><\/h4>\n<h3 style=\"text-align: justify\">O prefeito de Floresta Azul, Hernanio Leonardo (Bambu), e sua fam\u00edlia receberam com pesar e tristeza a not\u00edcia do falecimento da senhora Eurides Oliveira dos Santos, carinhosamente conhecida como dona Ide, aos 98 anos, ocorrido na tarde desta quarta-feira (3), no munic\u00edpio.<\/h3>\n<h3 style=\"text-align: justify\">Dona Ide era vi\u00fava do senhor Abdias Pedro dos Santos (Didi), ex-prefeito de Floresta Azul, in memoriam, e m\u00e3e de Carlos Amilton, conhecido como Garraf\u00e3o, tamb\u00e9m ex-prefeito da cidade. Ao longo da vida, foi reconhecida pela alegria contagiante, pelo bom humor e pelas conversas acolhedoras, sempre marcadas por um jeito afetuoso de tratar todos ao seu redor.<\/h3>\n<h3 style=\"text-align: justify\">Neste momento de dor e consterna\u00e7\u00e3o, o prefeito Bambu e fam\u00edlia manifestam suas condol\u00eancias e solidariedade aos familiares e amigos enlutados. Que as boas lembran\u00e7as, o sorriso f\u00e1cil e os ensinamentos deixados por dona Eurides (dona Ide) possam trazer conforto aos cora\u00e7\u00f5es aflitos.<\/h3>\n","protected":false},"excerpt":{"rendered":"<p>Vi\u00fava do ex-prefeito Abdias Pedro dos Santos (Didi), in memoriam, e m\u00e3e do ex-prefeito Garraf\u00e3o, ela deixa um legado de alegria, afeto e dedica\u00e7\u00e3o \u00e0 fam\u00edlia O prefeito de Floresta Azul, Hernanio Leonardo (Bambu), e sua fam\u00edlia receberam com pesar e tristeza a not\u00edcia do falecimento da senhora Eurides Oliveira dos Santos, carinhosamente conhecida como [&hellip;]<\/p>\n","protected":false},"author":992,"featured_media":192999,"comment_status":"open","ping_status":"closed","sticky":false,"template":"","format":"standard","meta":{"footnotes":"","_links_to":"","_links_to_target":""},"categories":[3],"tags":[],"class_list":["post-192998","post","type-post","status-publish","format-standard","has-post-thumbnail","hentry","category-cidades"],"views":167,"_links":{"self":[{"href":"https:\/\/www.politicosdosuldabahia.com.br\/v1\/wp-json\/wp\/v2\/posts\/192998"}],"collection":[{"href":"https:\/\/www.politicosdosuldabahia.com.br\/v1\/wp-json\/wp\/v2\/posts"}],"about":[{"href":"https:\/\/www.politicosdosuldabahia.com.br\/v1\/wp-json\/wp\/v2\/types\/post"}],"author":[{"embeddable":true,"href":"https:\/\/www.politicosdosuldabahia.com.br\/v1\/wp-json\/wp\/v2\/users\/992"}],"replies":[{"embeddable":true,"href":"https:\/\/www.politicosdosuldabahia.com.br\/v1\/wp-json\/wp\/v2\/comments?post=192998"}],"version-history":[{"count":1,"href":"https:\/\/www.politicosdosuldabahia.com.br\/v1\/wp-json\/wp\/v2\/posts\/192998\/revisions"}],"predecessor-version":[{"id":193000,"href":"https:\/\/www.politicosdosuldabahia.com.br\/v1\/wp-json\/wp\/v2\/posts\/192998\/revisions\/193000"}],"wp:featuredmedia":[{"embeddable":true,"href":"https:\/\/www.politicosdosuldabahia.com.br\/v1\/wp-json\/wp\/v2\/media\/192999"}],"wp:attachment":[{"href":"https:\/\/www.politicosdosuldabahia.com.br\/v1\/wp-json\/wp\/v2\/media?parent=192998"}],"wp:term":[{"taxonomy":"category","embeddable":true,"href":"https:\/\/www.politicosdosuldabahia.com.br\/v1\/wp-json\/wp\/v2\/categories?post=192998"},{"taxonomy":"post_tag","embeddable":true,"href":"https:\/\/www.politicosdosuldabahia.com.br\/v1\/wp-json\/wp\/v2\/tags?post=192998"}],"curies":[{"name":"wp","href":"https:\/\/api.w.org\/{rel}","templated":true}]}}