
{"id":190673,"date":"2025-05-18T21:36:42","date_gmt":"2025-05-19T00:36:42","guid":{"rendered":"https:\/\/www.politicosdosuldabahia.com.br\/v1\/?p=190673"},"modified":"2025-05-18T21:36:42","modified_gmt":"2025-05-19T00:36:42","slug":"itapetinga-morre-o-ex-vereador-joao-de-deus-pt","status":"publish","type":"post","link":"https:\/\/www.politicosdosuldabahia.com.br\/v1\/2025\/05\/18\/itapetinga-morre-o-ex-vereador-joao-de-deus-pt\/","title":{"rendered":"ITAPETINGA: MORRE O EX-VEREADOR JO\u00c3O DE DEUS (PT)"},"content":{"rendered":"<p><img loading=\"lazy\" decoding=\"async\" class=\"alignnone size-full wp-image-190674\" src=\"http:\/\/www.politicosdosuldabahia.com.br\/v1\/wp-content\/uploads\/2025\/05\/499929569_9932309513493503_5454145376388302328_n-e1747614959272.jpg\" alt=\"\" width=\"450\" height=\"508\" \/><\/p>\n<h3 style=\"text-align: justify;\">Faleceu neste domingo (18) o ex-vereador de Itapetinga, Jo\u00e3o de Deus (PT). Segundo informa\u00e7\u00f5es, ele sofreu um infarto fulminante e n\u00e3o resistiu.<\/h3>\n<h3 style=\"text-align: justify;\">Jo\u00e3o de Deus teve uma longa trajet\u00f3ria na pol\u00edtica do munic\u00edpio, sendo vereador por v\u00e1rios mandatos e chegando a presidir a C\u00e2mara Municipal. Na elei\u00e7\u00e3o de 2024, foi candidato a vice-prefeito na chapa encabe\u00e7ada por Cida Moura (PSD).<\/p>\n<p>A morte de Jo\u00e3o de Deus causa como\u00e7\u00e3o entre lideran\u00e7as pol\u00edticas locais e a popula\u00e7\u00e3o que o acompanhou ao longo de sua atua\u00e7\u00e3o p\u00fablica.<\/h3>\n","protected":false},"excerpt":{"rendered":"<p>Faleceu neste domingo (18) o ex-vereador de Itapetinga, Jo\u00e3o de Deus (PT). Segundo informa\u00e7\u00f5es, ele sofreu um infarto fulminante e n\u00e3o resistiu. Jo\u00e3o de Deus teve uma longa trajet\u00f3ria na pol\u00edtica do munic\u00edpio, sendo vereador por v\u00e1rios mandatos e chegando a presidir a C\u00e2mara Municipal. Na elei\u00e7\u00e3o de 2024, foi candidato a vice-prefeito na chapa [&hellip;]<\/p>\n","protected":false},"author":2,"featured_media":190674,"comment_status":"open","ping_status":"closed","sticky":false,"template":"","format":"standard","meta":{"footnotes":"","_links_to":"","_links_to_target":""},"categories":[1],"tags":[],"class_list":["post-190673","post","type-post","status-publish","format-standard","has-post-thumbnail","hentry","category-geral"],"views":452,"_links":{"self":[{"href":"https:\/\/www.politicosdosuldabahia.com.br\/v1\/wp-json\/wp\/v2\/posts\/190673"}],"collection":[{"href":"https:\/\/www.politicosdosuldabahia.com.br\/v1\/wp-json\/wp\/v2\/posts"}],"about":[{"href":"https:\/\/www.politicosdosuldabahia.com.br\/v1\/wp-json\/wp\/v2\/types\/post"}],"author":[{"embeddable":true,"href":"https:\/\/www.politicosdosuldabahia.com.br\/v1\/wp-json\/wp\/v2\/users\/2"}],"replies":[{"embeddable":true,"href":"https:\/\/www.politicosdosuldabahia.com.br\/v1\/wp-json\/wp\/v2\/comments?post=190673"}],"version-history":[{"count":1,"href":"https:\/\/www.politicosdosuldabahia.com.br\/v1\/wp-json\/wp\/v2\/posts\/190673\/revisions"}],"predecessor-version":[{"id":190675,"href":"https:\/\/www.politicosdosuldabahia.com.br\/v1\/wp-json\/wp\/v2\/posts\/190673\/revisions\/190675"}],"wp:featuredmedia":[{"embeddable":true,"href":"https:\/\/www.politicosdosuldabahia.com.br\/v1\/wp-json\/wp\/v2\/media\/190674"}],"wp:attachment":[{"href":"https:\/\/www.politicosdosuldabahia.com.br\/v1\/wp-json\/wp\/v2\/media?parent=190673"}],"wp:term":[{"taxonomy":"category","embeddable":true,"href":"https:\/\/www.politicosdosuldabahia.com.br\/v1\/wp-json\/wp\/v2\/categories?post=190673"},{"taxonomy":"post_tag","embeddable":true,"href":"https:\/\/www.politicosdosuldabahia.com.br\/v1\/wp-json\/wp\/v2\/tags?post=190673"}],"curies":[{"name":"wp","href":"https:\/\/api.w.org\/{rel}","templated":true}]}}