
{"id":189159,"date":"2025-02-25T16:30:42","date_gmt":"2025-02-25T19:30:42","guid":{"rendered":"https:\/\/www.politicosdosuldabahia.com.br\/v1\/?p=189159"},"modified":"2025-02-25T16:35:18","modified_gmt":"2025-02-25T19:35:18","slug":"ilheus-prefeitura-solicita-explicacoes-da-embasa-sobre-falta-de-agua-no-pacheco","status":"publish","type":"post","link":"https:\/\/www.politicosdosuldabahia.com.br\/v1\/2025\/02\/25\/ilheus-prefeitura-solicita-explicacoes-da-embasa-sobre-falta-de-agua-no-pacheco\/","title":{"rendered":"ILH\u00c9US: PREFEITURA SOLICITA EXPLICA\u00c7\u00d5ES DA EMBASA SOBRE FALTA DE \u00c1GUA NO PACHECO"},"content":{"rendered":"<h3 style=\"text-align: justify\"><img loading=\"lazy\" decoding=\"async\" class=\" wp-image-189160 aligncenter\" src=\"http:\/\/www.politicosdosuldabahia.com.br\/v1\/wp-content\/uploads\/2025\/02\/WhatsApp-Image-2025-02-25-at-16.15.06.jpeg\" alt=\"\" width=\"601\" height=\"416\" srcset=\"https:\/\/www.politicosdosuldabahia.com.br\/v1\/wp-content\/uploads\/2025\/02\/WhatsApp-Image-2025-02-25-at-16.15.06.jpeg 650w, https:\/\/www.politicosdosuldabahia.com.br\/v1\/wp-content\/uploads\/2025\/02\/WhatsApp-Image-2025-02-25-at-16.15.06-300x208.jpeg 300w\" sizes=\"(max-width: 601px) 100vw, 601px\" \/><\/h3>\n<h3 style=\"text-align: justify\">Interrup\u00e7\u00e3o no fornecimento configura descumprimento das normas de defesa do consumidor<\/h3>\n<h3 style=\"text-align: justify\"><\/h3>\n<h3 style=\"text-align: justify\">A Prefeitura de Ilh\u00e9us, por meio do PROCON, recebeu diversas reclama\u00e7\u00f5es de moradores e comerciantes do bairro Pacheco devido \u00e0 interrup\u00e7\u00e3o no fornecimento de \u00e1gua, ocorrida nesse domingo (23). O corte no abastecimento tem causado s\u00e9rios transtornos \u00e0 popula\u00e7\u00e3o, comprometendo a sa\u00fade e o bem-estar da comunidade local.<\/h3>\n<h3 style=\"text-align: justify\"><\/h3>\n<h3 style=\"text-align: justify\">Em resposta \u00e0s queixas, o PROCON de Ilh\u00e9us solicitou \u00e0 EMBASA que forne\u00e7a, no prazo de 48 horas, informa\u00e7\u00f5es detalhadas sobre as causas da interrup\u00e7\u00e3o, as medidas adotadas para comunicar previamente os consumidores e as provid\u00eancias para solucionar o problema e evitar novas ocorr\u00eancias.<\/h3>\n<h3 style=\"text-align: justify\"><\/h3>\n<h3 style=\"text-align: justify\">O \u00f3rg\u00e3o ressalta que a falta de \u00e1gua configura descumprimento das normas de defesa do consumidor, prejudicando a confian\u00e7a da popula\u00e7\u00e3o nos servi\u00e7os prestados. A EMBASA tem at\u00e9 o prazo estipulado para responder \u00e0s demandas e esclarecer a situa\u00e7\u00e3o.<\/h3>\n","protected":false},"excerpt":{"rendered":"<p>Interrup\u00e7\u00e3o no fornecimento configura descumprimento das normas de defesa do consumidor A Prefeitura de Ilh\u00e9us, por meio do PROCON, recebeu diversas reclama\u00e7\u00f5es de moradores e comerciantes do bairro Pacheco devido \u00e0 interrup\u00e7\u00e3o no fornecimento de \u00e1gua, ocorrida nesse domingo (23). O corte no abastecimento tem causado s\u00e9rios transtornos \u00e0 popula\u00e7\u00e3o, comprometendo a sa\u00fade e o [&hellip;]<\/p>\n","protected":false},"author":992,"featured_media":0,"comment_status":"open","ping_status":"closed","sticky":false,"template":"","format":"standard","meta":{"footnotes":"","_links_to":"","_links_to_target":""},"categories":[1],"tags":[117,105],"class_list":["post-189159","post","type-post","status-publish","format-standard","hentry","category-geral","tag-cidades","tag-ilheus"],"views":226,"_links":{"self":[{"href":"https:\/\/www.politicosdosuldabahia.com.br\/v1\/wp-json\/wp\/v2\/posts\/189159"}],"collection":[{"href":"https:\/\/www.politicosdosuldabahia.com.br\/v1\/wp-json\/wp\/v2\/posts"}],"about":[{"href":"https:\/\/www.politicosdosuldabahia.com.br\/v1\/wp-json\/wp\/v2\/types\/post"}],"author":[{"embeddable":true,"href":"https:\/\/www.politicosdosuldabahia.com.br\/v1\/wp-json\/wp\/v2\/users\/992"}],"replies":[{"embeddable":true,"href":"https:\/\/www.politicosdosuldabahia.com.br\/v1\/wp-json\/wp\/v2\/comments?post=189159"}],"version-history":[{"count":2,"href":"https:\/\/www.politicosdosuldabahia.com.br\/v1\/wp-json\/wp\/v2\/posts\/189159\/revisions"}],"predecessor-version":[{"id":189166,"href":"https:\/\/www.politicosdosuldabahia.com.br\/v1\/wp-json\/wp\/v2\/posts\/189159\/revisions\/189166"}],"wp:attachment":[{"href":"https:\/\/www.politicosdosuldabahia.com.br\/v1\/wp-json\/wp\/v2\/media?parent=189159"}],"wp:term":[{"taxonomy":"category","embeddable":true,"href":"https:\/\/www.politicosdosuldabahia.com.br\/v1\/wp-json\/wp\/v2\/categories?post=189159"},{"taxonomy":"post_tag","embeddable":true,"href":"https:\/\/www.politicosdosuldabahia.com.br\/v1\/wp-json\/wp\/v2\/tags?post=189159"}],"curies":[{"name":"wp","href":"https:\/\/api.w.org\/{rel}","templated":true}]}}