
{"id":188794,"date":"2025-02-10T19:15:24","date_gmt":"2025-02-10T22:15:24","guid":{"rendered":"https:\/\/www.politicosdosuldabahia.com.br\/v1\/?p=188794"},"modified":"2025-02-10T19:15:24","modified_gmt":"2025-02-10T22:15:24","slug":"prado-aviao-cai-proximo-a-cumuruxatiba","status":"publish","type":"post","link":"https:\/\/www.politicosdosuldabahia.com.br\/v1\/2025\/02\/10\/prado-aviao-cai-proximo-a-cumuruxatiba\/","title":{"rendered":"PRADO: AVI\u00c3O CAI PR\u00d3XIMO A CUMURUXATIBA"},"content":{"rendered":"<p><img loading=\"lazy\" decoding=\"async\" class=\"alignnone size-full wp-image-188795\" src=\"http:\/\/www.politicosdosuldabahia.com.br\/v1\/wp-content\/uploads\/2025\/02\/476818054_9270501779674283_5988072795872339586_n-e1739225619421.jpg\" alt=\"\" width=\"455\" height=\"467\" \/><\/p>\n<h3 style=\"text-align: justify;\">Na tarde desta segunda-feira, um acidente a\u00e9reo Abalou na zona rural de Prado, localizado entre a Praia do Cahy e o distrito de Cumuruxatiba. Um avi\u00e3o de pequeno porte caiu em uma \u00e1rea de dif\u00edcil acesso, resultando na morte de uma pessoa e deixando outra ferida, que foi socorrida com vida.<\/h3>\n<h3 style=\"text-align: justify;\">Informa\u00e7\u00f5es preliminares indicam que condi\u00e7\u00f5es clim\u00e1ticas adversas podem ter contribu\u00eddo para o acidente. Relatos de pilotos que voaram pela regi\u00e3o durante a tarde desta segunda-feira apontam que o tempo estava fechado, com visibilidade reduzida, o que dificultou a navega\u00e7\u00e3o.<\/p>\n<p>A identidade das v\u00edtimas ainda n\u00e3o foi divulgada at\u00e9 a conclus\u00e3o dos procedimentos legais e notifica\u00e7\u00e3o das fam\u00edlias.<\/h3>\n","protected":false},"excerpt":{"rendered":"<p>Na tarde desta segunda-feira, um acidente a\u00e9reo Abalou na zona rural de Prado, localizado entre a Praia do Cahy e o distrito de Cumuruxatiba. Um avi\u00e3o de pequeno porte caiu em uma \u00e1rea de dif\u00edcil acesso, resultando na morte de uma pessoa e deixando outra ferida, que foi socorrida com vida. Informa\u00e7\u00f5es preliminares indicam que [&hellip;]<\/p>\n","protected":false},"author":2,"featured_media":188795,"comment_status":"open","ping_status":"closed","sticky":false,"template":"","format":"standard","meta":{"footnotes":"","_links_to":"","_links_to_target":""},"categories":[1],"tags":[],"class_list":["post-188794","post","type-post","status-publish","format-standard","has-post-thumbnail","hentry","category-geral"],"views":1154,"_links":{"self":[{"href":"https:\/\/www.politicosdosuldabahia.com.br\/v1\/wp-json\/wp\/v2\/posts\/188794"}],"collection":[{"href":"https:\/\/www.politicosdosuldabahia.com.br\/v1\/wp-json\/wp\/v2\/posts"}],"about":[{"href":"https:\/\/www.politicosdosuldabahia.com.br\/v1\/wp-json\/wp\/v2\/types\/post"}],"author":[{"embeddable":true,"href":"https:\/\/www.politicosdosuldabahia.com.br\/v1\/wp-json\/wp\/v2\/users\/2"}],"replies":[{"embeddable":true,"href":"https:\/\/www.politicosdosuldabahia.com.br\/v1\/wp-json\/wp\/v2\/comments?post=188794"}],"version-history":[{"count":1,"href":"https:\/\/www.politicosdosuldabahia.com.br\/v1\/wp-json\/wp\/v2\/posts\/188794\/revisions"}],"predecessor-version":[{"id":188796,"href":"https:\/\/www.politicosdosuldabahia.com.br\/v1\/wp-json\/wp\/v2\/posts\/188794\/revisions\/188796"}],"wp:featuredmedia":[{"embeddable":true,"href":"https:\/\/www.politicosdosuldabahia.com.br\/v1\/wp-json\/wp\/v2\/media\/188795"}],"wp:attachment":[{"href":"https:\/\/www.politicosdosuldabahia.com.br\/v1\/wp-json\/wp\/v2\/media?parent=188794"}],"wp:term":[{"taxonomy":"category","embeddable":true,"href":"https:\/\/www.politicosdosuldabahia.com.br\/v1\/wp-json\/wp\/v2\/categories?post=188794"},{"taxonomy":"post_tag","embeddable":true,"href":"https:\/\/www.politicosdosuldabahia.com.br\/v1\/wp-json\/wp\/v2\/tags?post=188794"}],"curies":[{"name":"wp","href":"https:\/\/api.w.org\/{rel}","templated":true}]}}