
{"id":187497,"date":"2024-12-06T14:50:12","date_gmt":"2024-12-06T17:50:12","guid":{"rendered":"https:\/\/www.politicosdosuldabahia.com.br\/v1\/?p=187497"},"modified":"2024-12-06T14:50:12","modified_gmt":"2024-12-06T17:50:12","slug":"ibicarai-a-situacao-eleitoral-de-monalisa-esta-consolidada-declara-advogado-joao-daniel-jacobina","status":"publish","type":"post","link":"https:\/\/www.politicosdosuldabahia.com.br\/v1\/2024\/12\/06\/ibicarai-a-situacao-eleitoral-de-monalisa-esta-consolidada-declara-advogado-joao-daniel-jacobina\/","title":{"rendered":"IBICARA\u00cd: \u201cA SITUA\u00c7\u00c3O ELEITORAL DE MONALISA EST\u00c1 CONSOLIDADA\u201d, DECLARA ADVOGADO JO\u00c3O DANIEL JACOBINA"},"content":{"rendered":"<p><img loading=\"lazy\" decoding=\"async\" class=\"alignnone size-full wp-image-187498\" src=\"http:\/\/www.politicosdosuldabahia.com.br\/v1\/wp-content\/uploads\/2024\/12\/Captura-de-tela-2024-12-06-144732.png\" alt=\"\" width=\"370\" height=\"233\" srcset=\"https:\/\/www.politicosdosuldabahia.com.br\/v1\/wp-content\/uploads\/2024\/12\/Captura-de-tela-2024-12-06-144732.png 370w, https:\/\/www.politicosdosuldabahia.com.br\/v1\/wp-content\/uploads\/2024\/12\/Captura-de-tela-2024-12-06-144732-300x189.png 300w\" sizes=\"(max-width: 370px) 100vw, 370px\" \/><\/p>\n<h3 style=\"text-align: justify;\">Nesta semana, o Superior Tribunal de Justi\u00e7a (STJ) negou o habeas corpus solicitado pela prefeita reeleita de Ibicara\u00ed, <strong>Monalisa Tavares (Uni\u00e3o Brasil)<\/strong>. A decis\u00e3o suspende o ac\u00f3rd\u00e3o do Tribunal Regional Federal da 1\u00aa Regi\u00e3o, que havia condenado a gestora.<\/h3>\n<h3 style=\"text-align: justify;\">A medida gerou grande repercuss\u00e3o entre os moradores da cidade, especialmente nas redes sociais, onde o tema mais debatido foi a possibilidade de uma nova elei\u00e7\u00e3o municipal.<\/h3>\n<h3 style=\"text-align: justify;\">Para esclarecer a situa\u00e7\u00e3o, o site conversou com o <strong>renomado advogado Jo\u00e3o Daniel Jacobina<\/strong>, que defende a prefeita no processo. Segundo ele, a decis\u00e3o do STJ n\u00e3o impacta o resultado eleitoral.<\/h3>\n<h3 style=\"text-align: justify;\">\u201cA situa\u00e7\u00e3o eleitoral de Monalisa est\u00e1 consolidada, essa decis\u00e3o n\u00e3o tem nenhum reflexo para a diploma\u00e7\u00e3o e posse de Monalisa Tavares. \u00c9 preciso que se respeite o resultado das urnas\u201d, afirmou.<\/h3>\n<h3 style=\"text-align: justify;\">O advogado foi questionado sobre o fato de membros da oposi\u00e7\u00e3o estarem divulgando e comemorando essa decis\u00e3o:<\/h3>\n<h3 style=\"text-align: justify;\">\u201cA oposi\u00e7\u00e3o certamente est\u00e1 tirando proveito pol\u00edtico e apenas pol\u00edtico, porque judicialmente n\u00e3o tem repercuss\u00e3o\u201d, declarou.<\/h3>\n","protected":false},"excerpt":{"rendered":"<p>Nesta semana, o Superior Tribunal de Justi\u00e7a (STJ) negou o habeas corpus solicitado pela prefeita reeleita de Ibicara\u00ed, Monalisa Tavares (Uni\u00e3o Brasil). A decis\u00e3o suspende o ac\u00f3rd\u00e3o do Tribunal Regional Federal da 1\u00aa Regi\u00e3o, que havia condenado a gestora. A medida gerou grande repercuss\u00e3o entre os moradores da cidade, especialmente nas redes sociais, onde o [&hellip;]<\/p>\n","protected":false},"author":2,"featured_media":187498,"comment_status":"open","ping_status":"closed","sticky":false,"template":"","format":"standard","meta":{"footnotes":"","_links_to":"","_links_to_target":""},"categories":[1],"tags":[],"class_list":["post-187497","post","type-post","status-publish","format-standard","has-post-thumbnail","hentry","category-geral"],"views":743,"_links":{"self":[{"href":"https:\/\/www.politicosdosuldabahia.com.br\/v1\/wp-json\/wp\/v2\/posts\/187497"}],"collection":[{"href":"https:\/\/www.politicosdosuldabahia.com.br\/v1\/wp-json\/wp\/v2\/posts"}],"about":[{"href":"https:\/\/www.politicosdosuldabahia.com.br\/v1\/wp-json\/wp\/v2\/types\/post"}],"author":[{"embeddable":true,"href":"https:\/\/www.politicosdosuldabahia.com.br\/v1\/wp-json\/wp\/v2\/users\/2"}],"replies":[{"embeddable":true,"href":"https:\/\/www.politicosdosuldabahia.com.br\/v1\/wp-json\/wp\/v2\/comments?post=187497"}],"version-history":[{"count":3,"href":"https:\/\/www.politicosdosuldabahia.com.br\/v1\/wp-json\/wp\/v2\/posts\/187497\/revisions"}],"predecessor-version":[{"id":187501,"href":"https:\/\/www.politicosdosuldabahia.com.br\/v1\/wp-json\/wp\/v2\/posts\/187497\/revisions\/187501"}],"wp:featuredmedia":[{"embeddable":true,"href":"https:\/\/www.politicosdosuldabahia.com.br\/v1\/wp-json\/wp\/v2\/media\/187498"}],"wp:attachment":[{"href":"https:\/\/www.politicosdosuldabahia.com.br\/v1\/wp-json\/wp\/v2\/media?parent=187497"}],"wp:term":[{"taxonomy":"category","embeddable":true,"href":"https:\/\/www.politicosdosuldabahia.com.br\/v1\/wp-json\/wp\/v2\/categories?post=187497"},{"taxonomy":"post_tag","embeddable":true,"href":"https:\/\/www.politicosdosuldabahia.com.br\/v1\/wp-json\/wp\/v2\/tags?post=187497"}],"curies":[{"name":"wp","href":"https:\/\/api.w.org\/{rel}","templated":true}]}}