
{"id":186276,"date":"2024-10-06T17:30:51","date_gmt":"2024-10-06T20:30:51","guid":{"rendered":"https:\/\/www.politicosdosuldabahia.com.br\/v1\/?p=186276"},"modified":"2024-10-06T17:35:00","modified_gmt":"2024-10-06T20:35:00","slug":"itaju-do-colonia-elder-fontes-vence-eleicao-confirmando-as-pesquisas","status":"publish","type":"post","link":"https:\/\/www.politicosdosuldabahia.com.br\/v1\/2024\/10\/06\/itaju-do-colonia-elder-fontes-vence-eleicao-confirmando-as-pesquisas\/","title":{"rendered":"ITAJU DO COL\u00d4NIA: ELDER FONTES VENCE ELEI\u00c7\u00c3O, CONFIRMANDO AS PESQUISAS"},"content":{"rendered":"<p><img loading=\"lazy\" decoding=\"async\" class=\"alignnone size-full wp-image-186268 aligncenter\" src=\"http:\/\/www.politicosdosuldabahia.com.br\/v1\/wp-content\/uploads\/2024\/10\/WhatsApp-Image-2024-10-05-at-10.02.57.jpeg\" alt=\"\" width=\"455\" height=\"341\" srcset=\"https:\/\/www.politicosdosuldabahia.com.br\/v1\/wp-content\/uploads\/2024\/10\/WhatsApp-Image-2024-10-05-at-10.02.57.jpeg 455w, https:\/\/www.politicosdosuldabahia.com.br\/v1\/wp-content\/uploads\/2024\/10\/WhatsApp-Image-2024-10-05-at-10.02.57-300x225.jpeg 300w, https:\/\/www.politicosdosuldabahia.com.br\/v1\/wp-content\/uploads\/2024\/10\/WhatsApp-Image-2024-10-05-at-10.02.57-400x300.jpeg 400w\" sizes=\"(max-width: 455px) 100vw, 455px\" \/><\/p>\n<p>&nbsp;<\/p>\n<h3 style=\"text-align: justify\">Elder Fontes foi eleito prefeito de Itaju do Col\u00f4nia neste domingo (6), ratificando o cen\u00e1rio apontado pelas pesquisas de inten\u00e7\u00e3o de voto divulgadas nos dias anteriores ao pleito<\/h3>\n<h3 style=\"text-align: justify\">Com a vit\u00f3ria, Elder Fontes se prepara para assumir a gest\u00e3o do munic\u00edpio, com promessas de melhorias na infraestrutura, educa\u00e7\u00e3o e sa\u00fade, buscando o desenvolvimento de Itaju do Col\u00f4nia nos pr\u00f3ximos anos.<\/h3>\n","protected":false},"excerpt":{"rendered":"<p>&nbsp; Elder Fontes foi eleito prefeito de Itaju do Col\u00f4nia neste domingo (6), ratificando o cen\u00e1rio apontado pelas pesquisas de inten\u00e7\u00e3o de voto divulgadas nos dias anteriores ao pleito Com a vit\u00f3ria, Elder Fontes se prepara para assumir a gest\u00e3o do munic\u00edpio, com promessas de melhorias na infraestrutura, educa\u00e7\u00e3o e sa\u00fade, buscando o desenvolvimento de [&hellip;]<\/p>\n","protected":false},"author":992,"featured_media":186268,"comment_status":"open","ping_status":"closed","sticky":false,"template":"","format":"standard","meta":{"footnotes":"","_links_to":"","_links_to_target":""},"categories":[3,4],"tags":[],"class_list":["post-186276","post","type-post","status-publish","format-standard","has-post-thumbnail","hentry","category-cidades","category-politica"],"views":727,"_links":{"self":[{"href":"https:\/\/www.politicosdosuldabahia.com.br\/v1\/wp-json\/wp\/v2\/posts\/186276"}],"collection":[{"href":"https:\/\/www.politicosdosuldabahia.com.br\/v1\/wp-json\/wp\/v2\/posts"}],"about":[{"href":"https:\/\/www.politicosdosuldabahia.com.br\/v1\/wp-json\/wp\/v2\/types\/post"}],"author":[{"embeddable":true,"href":"https:\/\/www.politicosdosuldabahia.com.br\/v1\/wp-json\/wp\/v2\/users\/992"}],"replies":[{"embeddable":true,"href":"https:\/\/www.politicosdosuldabahia.com.br\/v1\/wp-json\/wp\/v2\/comments?post=186276"}],"version-history":[{"count":1,"href":"https:\/\/www.politicosdosuldabahia.com.br\/v1\/wp-json\/wp\/v2\/posts\/186276\/revisions"}],"predecessor-version":[{"id":186277,"href":"https:\/\/www.politicosdosuldabahia.com.br\/v1\/wp-json\/wp\/v2\/posts\/186276\/revisions\/186277"}],"wp:featuredmedia":[{"embeddable":true,"href":"https:\/\/www.politicosdosuldabahia.com.br\/v1\/wp-json\/wp\/v2\/media\/186268"}],"wp:attachment":[{"href":"https:\/\/www.politicosdosuldabahia.com.br\/v1\/wp-json\/wp\/v2\/media?parent=186276"}],"wp:term":[{"taxonomy":"category","embeddable":true,"href":"https:\/\/www.politicosdosuldabahia.com.br\/v1\/wp-json\/wp\/v2\/categories?post=186276"},{"taxonomy":"post_tag","embeddable":true,"href":"https:\/\/www.politicosdosuldabahia.com.br\/v1\/wp-json\/wp\/v2\/tags?post=186276"}],"curies":[{"name":"wp","href":"https:\/\/api.w.org\/{rel}","templated":true}]}}