
{"id":181042,"date":"2024-02-26T21:39:00","date_gmt":"2024-02-27T00:39:00","guid":{"rendered":"http:\/\/www.politicosdosuldabahia.com.br\/v1\/?p=181042"},"modified":"2024-02-26T21:39:00","modified_gmt":"2024-02-27T00:39:00","slug":"acm-neto-defende-revogacao-de-portaria-da-aprovacao-em-massa-uma-vergonha-para-nosso-estado","status":"publish","type":"post","link":"https:\/\/www.politicosdosuldabahia.com.br\/v1\/2024\/02\/26\/acm-neto-defende-revogacao-de-portaria-da-aprovacao-em-massa-uma-vergonha-para-nosso-estado\/","title":{"rendered":"ACM NETO DEFENDE REVOGA\u00c7\u00c3O DE PORTARIA DA &#8216;APROVA\u00c7\u00c3O EM MASSA&#8217;: &#8216;UMA VERGONHA PARA NOSSO ESTADO&#8217;"},"content":{"rendered":"<p><img loading=\"lazy\" decoding=\"async\" class=\"wp-image-181043 aligncenter\" src=\"http:\/\/www.politicosdosuldabahia.com.br\/v1\/wp-content\/uploads\/2024\/02\/WhatsApp-Image-2024-02-26-at-21.22.00.jpeg\" alt=\"WhatsApp Image 2024-02-26 at 21.22.00\" width=\"455\" height=\"316\" srcset=\"https:\/\/www.politicosdosuldabahia.com.br\/v1\/wp-content\/uploads\/2024\/02\/WhatsApp-Image-2024-02-26-at-21.22.00.jpeg 960w, https:\/\/www.politicosdosuldabahia.com.br\/v1\/wp-content\/uploads\/2024\/02\/WhatsApp-Image-2024-02-26-at-21.22.00-300x208.jpeg 300w, https:\/\/www.politicosdosuldabahia.com.br\/v1\/wp-content\/uploads\/2024\/02\/WhatsApp-Image-2024-02-26-at-21.22.00-768x534.jpeg 768w\" sizes=\"(max-width: 455px) 100vw, 455px\" \/><\/p>\n<p>&nbsp;<\/p>\n<h3 style=\"text-align: justify\">O ex-prefeito de Salvador e presidente da Funda\u00e7\u00e3o \u00cdndigo, ACM Neto, defendeu nesta segunda-feira (26) a revoga\u00e7\u00e3o da portaria 190, que incentiva os professores a aprovarem os alunos, como um est\u00edmulo \u00e0 &#8220;aprova\u00e7\u00e3o em massa&#8221;.<\/h3>\n<h3 style=\"text-align: justify\">&#8220;Uma vergonha para nosso estado. Confesso a voc\u00eas que ouvi manifesta\u00e7\u00f5es de fora da Bahia, dizendo que n\u00e3o acreditavam que pud\u00e9ssemos ter um governador t\u00e3o descomprometido com a educa\u00e7\u00e3o, que virasse as costas para os professores sendo professor, e que n\u00e3o tivesse a capacidade de priorizar a educa\u00e7\u00e3o, j\u00e1 tendo sido secret\u00e1rio dessa pasta. Lamento profundamente que o governador tenha vis\u00e3o ultrapassada, que s\u00f3 prejudica pessoas mais pobres&#8221;, afirmou.<\/h3>\n<h3 style=\"text-align: justify\">Para Neto, a diferen\u00e7a educacional entre escolas particulares e p\u00fablicas j\u00e1 \u00e9 abissal, o que prejudica a entrada dos jovens nas universidades. Com a medida do governador Jer\u00f4nimo Rodrigues, a diferen\u00e7a s\u00f3 aumentar\u00e1. A Bahia \u00e9 o estado com a menor propor\u00e7\u00e3o de concluintes do Ensino M\u00e9dio inscritos para realizar o Exame Nacional do Ensino M\u00e9dio (Enem) em todo o pa\u00eds, de acordo com Censo da Educa\u00e7\u00e3o Superior divulgado no ano passado. &#8220;A aprova\u00e7\u00e3o em massa como defendeu o governador s\u00f3 aumenta ainda mais a diferen\u00e7a. Precisamos, ao contr\u00e1rio, investir nos professores, valorizar a educa\u00e7\u00e3o p\u00fablica, melhorar a qualidade da atua\u00e7\u00e3o das nossas escolas e tirar a Bahia dos \u00faltimos lugares do Ideb do Brasil&#8221;, pontuou.<\/h3>\n<h3 style=\"text-align: justify\">Segundo o secret\u00e1rio-geral do Uni\u00e3o Brasil, a medida do governo estadual \u00e9 uma forma de maquiar os dados para pontuar melhor no Ideb. &#8220;Quando o governador defende a aprova\u00e7\u00e3o em massa, o governador n\u00e3o est\u00e1 preocupado com os alunos ou com suas fam\u00edlias, ele est\u00e1 preocupado em apresentar de maneira artificial um avan\u00e7o no Ideb. A gente sabe que uma das coisas mais importantes que contribuem para a nota do Ideb \u00e9 a aprova\u00e7\u00e3o, mas n\u00e3o pode ser \u00e0 custa do n\u00e3o aprendizado que a gente vai ter uma melhoria do Ideb da Bahia. Particularmente me senti envergonhado em ter o governador Jer\u00f4nimo falando o que falou, se tornando motivo de cr\u00edtica em todo o Pa\u00eds, em especial dos profissonais da educa\u00e7\u00e3o, de maneira mais especial dos professores, que merecem ser valorizados e n\u00e3o desprestigiados como foram com o governador Jer\u00f4nimo Rodrigues&#8221;, completou.<\/h3>\n","protected":false},"excerpt":{"rendered":"<p>&nbsp; O ex-prefeito de Salvador e presidente da Funda\u00e7\u00e3o \u00cdndigo, ACM Neto, defendeu nesta segunda-feira (26) a revoga\u00e7\u00e3o da portaria 190, que incentiva os professores a aprovarem os alunos, como um est\u00edmulo \u00e0 &#8220;aprova\u00e7\u00e3o em massa&#8221;. &#8220;Uma vergonha para nosso estado. Confesso a voc\u00eas que ouvi manifesta\u00e7\u00f5es de fora da Bahia, dizendo que n\u00e3o acreditavam [&hellip;]<\/p>\n","protected":false},"author":992,"featured_media":181043,"comment_status":"open","ping_status":"closed","sticky":false,"template":"","format":"standard","meta":{"footnotes":"","_links_to":"","_links_to_target":""},"categories":[14,4],"tags":[],"class_list":["post-181042","post","type-post","status-publish","format-standard","has-post-thumbnail","hentry","category-bahia-geral","category-politica"],"views":365,"_links":{"self":[{"href":"https:\/\/www.politicosdosuldabahia.com.br\/v1\/wp-json\/wp\/v2\/posts\/181042"}],"collection":[{"href":"https:\/\/www.politicosdosuldabahia.com.br\/v1\/wp-json\/wp\/v2\/posts"}],"about":[{"href":"https:\/\/www.politicosdosuldabahia.com.br\/v1\/wp-json\/wp\/v2\/types\/post"}],"author":[{"embeddable":true,"href":"https:\/\/www.politicosdosuldabahia.com.br\/v1\/wp-json\/wp\/v2\/users\/992"}],"replies":[{"embeddable":true,"href":"https:\/\/www.politicosdosuldabahia.com.br\/v1\/wp-json\/wp\/v2\/comments?post=181042"}],"version-history":[{"count":2,"href":"https:\/\/www.politicosdosuldabahia.com.br\/v1\/wp-json\/wp\/v2\/posts\/181042\/revisions"}],"predecessor-version":[{"id":181045,"href":"https:\/\/www.politicosdosuldabahia.com.br\/v1\/wp-json\/wp\/v2\/posts\/181042\/revisions\/181045"}],"wp:featuredmedia":[{"embeddable":true,"href":"https:\/\/www.politicosdosuldabahia.com.br\/v1\/wp-json\/wp\/v2\/media\/181043"}],"wp:attachment":[{"href":"https:\/\/www.politicosdosuldabahia.com.br\/v1\/wp-json\/wp\/v2\/media?parent=181042"}],"wp:term":[{"taxonomy":"category","embeddable":true,"href":"https:\/\/www.politicosdosuldabahia.com.br\/v1\/wp-json\/wp\/v2\/categories?post=181042"},{"taxonomy":"post_tag","embeddable":true,"href":"https:\/\/www.politicosdosuldabahia.com.br\/v1\/wp-json\/wp\/v2\/tags?post=181042"}],"curies":[{"name":"wp","href":"https:\/\/api.w.org\/{rel}","templated":true}]}}