
{"id":179443,"date":"2023-12-26T17:49:35","date_gmt":"2023-12-26T20:49:35","guid":{"rendered":"http:\/\/www.politicosdosuldabahia.com.br\/v1\/?p=179443"},"modified":"2023-12-26T17:49:35","modified_gmt":"2023-12-26T20:49:35","slug":"governo-do-estado-autoriza-licitacao-para-vlt-de-salvador-com-investimento-de-mais-de-r-36-bilhoes","status":"publish","type":"post","link":"https:\/\/www.politicosdosuldabahia.com.br\/v1\/2023\/12\/26\/governo-do-estado-autoriza-licitacao-para-vlt-de-salvador-com-investimento-de-mais-de-r-36-bilhoes\/","title":{"rendered":"GOVERNO DO ESTADO AUTORIZA LICITA\u00c7\u00c3O PARA VLT DE SALVADOR COM INVESTIMENTO DE MAIS DE R$ 3,6 BILH\u00d5ES"},"content":{"rendered":"<p>&nbsp;<\/p>\n<h4 style=\"text-align: center\"><img loading=\"lazy\" decoding=\"async\" class=\"alignnone size-full wp-image-179444\" src=\"http:\/\/www.politicosdosuldabahia.com.br\/v1\/wp-content\/uploads\/2023\/12\/WhatsApp-Image-2023-12-26-at-17.16.14.jpeg\" alt=\"WhatsApp Image 2023-12-26 at 17.16.14\" width=\"455\" height=\"303\" srcset=\"https:\/\/www.politicosdosuldabahia.com.br\/v1\/wp-content\/uploads\/2023\/12\/WhatsApp-Image-2023-12-26-at-17.16.14.jpeg 455w, https:\/\/www.politicosdosuldabahia.com.br\/v1\/wp-content\/uploads\/2023\/12\/WhatsApp-Image-2023-12-26-at-17.16.14-300x200.jpeg 300w\" sizes=\"(max-width: 455px) 100vw, 455px\" \/><\/h4>\n<h4 style=\"text-align: center\"><strong>Obra ser\u00e1 dividida em tr\u00eas lotes e chegar\u00e1 at\u00e9 o bairro de Piat\u00e3, na orla da capital<\/strong><\/h4>\n<h3>Na manh\u00e3 desta ter\u00e7a-feira (26), o governador Jer\u00f4nimo Rodrigues autorizou o lan\u00e7amento do edital de licita\u00e7\u00e3o para a implanta\u00e7\u00e3o do Ve\u00edculo Leve sobre Trilhos (VLT) em Salvador. O projeto abrange tr\u00eas lotes distintos, cada um destinado a trechos espec\u00edficos, visando melhorias substanciais na infraestrutura de transporte p\u00fablico.<\/h3>\n<h3 style=\"text-align: justify\">Jer\u00f4nimo lembrou que a obra do VLT foi pensada por gest\u00f5es anteriores e que agora ser\u00e1 continuada com o projeto ampliado. &#8220;Autorizei para que no dia de amanh\u00e3 [27\/12] seja publicado no Di\u00e1rio Oficial o processo de licita\u00e7\u00e3o para as obras do VLT, que agora chega at\u00e9 Piat\u00e3&#8221;. Ainda conforme ele, as melhorias na mobilidade urbana s\u00e3o pensadas para al\u00e9m de Salvador e o Governo do Estado tem estudos em cursos para projetos de transporte de massa em Feira de Santana, Vit\u00f3ria da Conquista e para as regi\u00f5es de Ilh\u00e9us e Itabuna.<\/h3>\n<h3 style=\"text-align: justify\">O primeiro lote da obra, compreendendo o trecho da Ilha de S\u00e3o Jo\u00e3o \u00e0 Cal\u00e7ada, abrange 16,6 quil\u00f4metros e recebe um investimento de mais de R$ 1,5 bilh\u00e3o. As obras incluem a execu\u00e7\u00e3o de um via permanente, com 17 paradas e uma esta\u00e7\u00e3o na Cal\u00e7ada, recupera\u00e7\u00e3o de t\u00faneis, revitaliza\u00e7\u00e3o da Ponte S\u00e3o Jo\u00e3o, urbaniza\u00e7\u00e3o com ilumina\u00e7\u00e3o LED e a implementa\u00e7\u00e3o do sistema de energia, contemplando subesta\u00e7\u00e3o prim\u00e1ria e retificadoras.<\/h3>\n<h3 style=\"text-align: justify\">O segundo lote, entre Paripe e \u00c1guas Claras, com 9,2 quil\u00f4metros, recebe um investimento de R$ 1,2 bilh\u00e3o. Esse trecho abrange a execu\u00e7\u00e3o de uma via permanente com oito paradas, urbaniza\u00e7\u00e3o com ilumina\u00e7\u00e3o LED, pra\u00e7as de conviv\u00eancia, pista de skate, ciclovias, interliga\u00e7\u00e3o com o Sistema Metrovi\u00e1rio de Salvador e Lauro de Freitas e a implementa\u00e7\u00e3o dos sistemas de energia.<\/h3>\n<h3 style=\"text-align: justify\">Por fim, o terceiro lote, abrangendo \u00c1guas Claras at\u00e9 Piat\u00e3, com 10,52 quil\u00f4metros, tem um investimento de mais de R$ 878 milh\u00f5es. As obras incluem via permanente, nove paradas, urbaniza\u00e7\u00e3o com ilumina\u00e7\u00e3o LED, ciclovias, interliga\u00e7\u00e3o com o Sistema de Metr\u00f4 Salvador-Lauro de Freitas e implanta\u00e7\u00e3o do sistema de energia.<\/h3>\n<h3 style=\"text-align: justify\"><\/h3>\n<h3 style=\"text-align: justify\">O or\u00e7amento total das obras, reunindo os tr\u00eas lotes, \u00e9 de mais R$ 3,6 bilh\u00f5es refletindo o compromisso do Governo do Estado em oferecer \u00e0 popula\u00e7\u00e3o op\u00e7\u00f5es de transporte r\u00e1pido, seguro e eficiente. O VLT no Sub\u00farbio Ferrovi\u00e1rio ir\u00e1 desenvolver a mobilidade urbana da capital baiana, promovendo melhorias substanciais na infraestrutura da regi\u00e3o.<\/h3>\n","protected":false},"excerpt":{"rendered":"<p>&nbsp; Obra ser\u00e1 dividida em tr\u00eas lotes e chegar\u00e1 at\u00e9 o bairro de Piat\u00e3, na orla da capital Na manh\u00e3 desta ter\u00e7a-feira (26), o governador Jer\u00f4nimo Rodrigues autorizou o lan\u00e7amento do edital de licita\u00e7\u00e3o para a implanta\u00e7\u00e3o do Ve\u00edculo Leve sobre Trilhos (VLT) em Salvador. O projeto abrange tr\u00eas lotes distintos, cada um destinado a [&hellip;]<\/p>\n","protected":false},"author":992,"featured_media":179444,"comment_status":"open","ping_status":"closed","sticky":false,"template":"","format":"standard","meta":{"footnotes":"","_links_to":"","_links_to_target":""},"categories":[14],"tags":[],"class_list":["post-179443","post","type-post","status-publish","format-standard","has-post-thumbnail","hentry","category-bahia-geral"],"views":363,"_links":{"self":[{"href":"https:\/\/www.politicosdosuldabahia.com.br\/v1\/wp-json\/wp\/v2\/posts\/179443"}],"collection":[{"href":"https:\/\/www.politicosdosuldabahia.com.br\/v1\/wp-json\/wp\/v2\/posts"}],"about":[{"href":"https:\/\/www.politicosdosuldabahia.com.br\/v1\/wp-json\/wp\/v2\/types\/post"}],"author":[{"embeddable":true,"href":"https:\/\/www.politicosdosuldabahia.com.br\/v1\/wp-json\/wp\/v2\/users\/992"}],"replies":[{"embeddable":true,"href":"https:\/\/www.politicosdosuldabahia.com.br\/v1\/wp-json\/wp\/v2\/comments?post=179443"}],"version-history":[{"count":1,"href":"https:\/\/www.politicosdosuldabahia.com.br\/v1\/wp-json\/wp\/v2\/posts\/179443\/revisions"}],"predecessor-version":[{"id":179445,"href":"https:\/\/www.politicosdosuldabahia.com.br\/v1\/wp-json\/wp\/v2\/posts\/179443\/revisions\/179445"}],"wp:featuredmedia":[{"embeddable":true,"href":"https:\/\/www.politicosdosuldabahia.com.br\/v1\/wp-json\/wp\/v2\/media\/179444"}],"wp:attachment":[{"href":"https:\/\/www.politicosdosuldabahia.com.br\/v1\/wp-json\/wp\/v2\/media?parent=179443"}],"wp:term":[{"taxonomy":"category","embeddable":true,"href":"https:\/\/www.politicosdosuldabahia.com.br\/v1\/wp-json\/wp\/v2\/categories?post=179443"},{"taxonomy":"post_tag","embeddable":true,"href":"https:\/\/www.politicosdosuldabahia.com.br\/v1\/wp-json\/wp\/v2\/tags?post=179443"}],"curies":[{"name":"wp","href":"https:\/\/api.w.org\/{rel}","templated":true}]}}