
{"id":179406,"date":"2023-12-23T12:38:14","date_gmt":"2023-12-23T15:38:14","guid":{"rendered":"http:\/\/www.politicosdosuldabahia.com.br\/v1\/?p=179406"},"modified":"2023-12-23T12:38:14","modified_gmt":"2023-12-23T15:38:14","slug":"as-vesperas-de-completar-129-anos-corpo-de-bombeiros-recebe-25-novas-viaturas","status":"publish","type":"post","link":"https:\/\/www.politicosdosuldabahia.com.br\/v1\/2023\/12\/23\/as-vesperas-de-completar-129-anos-corpo-de-bombeiros-recebe-25-novas-viaturas\/","title":{"rendered":"\u00c0S V\u00c9SPERAS DE COMPLETAR 129 ANOS, CORPO DE BOMBEIROS RECEBE 25 NOVAS VIATURAS"},"content":{"rendered":"<p>&nbsp;<\/p>\n<h4 style=\"text-align: center\"><img loading=\"lazy\" decoding=\"async\" class=\"alignnone size-full wp-image-179407\" src=\"http:\/\/www.politicosdosuldabahia.com.br\/v1\/wp-content\/uploads\/2023\/12\/Foto-Feij\u00e3o-Almeida-GOVBA-4.jpg\" alt=\"Foto Feij\u00e3o Almeida GOVBA 4\" width=\"455\" height=\"303\" srcset=\"https:\/\/www.politicosdosuldabahia.com.br\/v1\/wp-content\/uploads\/2023\/12\/Foto-Feij\u00e3o-Almeida-GOVBA-4.jpg 455w, https:\/\/www.politicosdosuldabahia.com.br\/v1\/wp-content\/uploads\/2023\/12\/Foto-Feij\u00e3o-Almeida-GOVBA-4-300x200.jpg 300w\" sizes=\"(max-width: 455px) 100vw, 455px\" \/><\/h4>\n<h4 style=\"text-align: center\"><strong><em>Unidades modernizam a frota e elevam a capacidade operacional da corpora\u00e7\u00e3o visando diminuir o tempo de resposta \u00e0s ocorr\u00eancias<\/em><\/strong><\/h4>\n<h3 style=\"text-align: justify\">\u201cVidas alheias, riqueza salvar!\u201d Este \u00e9 o lema do Corpo de Bombeiros Militar da Bahia (CBMBA). Para dar mais agilidade e efici\u00eancia ao trabalho de fiscaliza\u00e7\u00e3o e vistorias desempenhado pela corpora\u00e7\u00e3o, o Governo do Estado entregou 25 novas viaturas ao CBM. Foram investidos R$ 5,3 milh\u00f5es na aquisi\u00e7\u00e3o dos ve\u00edculos, do modelo caminhonete. O ato aconteceu neste s\u00e1bado (23), com a presen\u00e7a do governador Jer\u00f4nimo Rodrigues, no quartel da corpora\u00e7\u00e3o, na regi\u00e3o do Iguatemi, em Salvador. A iniciativa tamb\u00e9m marca a passagem dos 129 anos da institui\u00e7\u00e3o, que acontece no pr\u00f3ximo dia 26 de dezembro.<\/h3>\n<h3 style=\"text-align: justify\">Jer\u00f4nimo entregou as chaves dos ve\u00edculos aos comandantes de diversas unidades da capital e do interior do estado e destacou que a atua\u00e7\u00e3o do Corpo de Bombeiros \u00e9 cada vez mais necess\u00e1ria em vista das condi\u00e7\u00f5es clim\u00e1ticas adversas que o mundo enfrenta. &#8220;Uma parte da Bahia passa por estiagem, outra parte passou por problemas por excesso de chuva, e a corpora\u00e7\u00e3o est\u00e1 presente nos dois momentos. Agora s\u00e3o mais 25 viaturas, que se somam a outros equipamentos entregues e chamada de efetivo em 2023. Hoje tamb\u00e9m \u00e9 um dia de reconhecimento dos profissionais e chamamento para que sociedade entenda e reconhe\u00e7a o papel e o significado de um bombeiro na vida da gente&#8221;, declarou o governador.<\/h3>\n<p><img loading=\"lazy\" decoding=\"async\" class=\"alignnone size-full wp-image-179408 aligncenter\" src=\"http:\/\/www.politicosdosuldabahia.com.br\/v1\/wp-content\/uploads\/2023\/12\/Foto-Feij\u00e3o-Almeida-GOVBA-2.jpg\" alt=\"Foto Feij\u00e3o Almeida GOVBA 2\" width=\"455\" height=\"303\" srcset=\"https:\/\/www.politicosdosuldabahia.com.br\/v1\/wp-content\/uploads\/2023\/12\/Foto-Feij\u00e3o-Almeida-GOVBA-2.jpg 455w, https:\/\/www.politicosdosuldabahia.com.br\/v1\/wp-content\/uploads\/2023\/12\/Foto-Feij\u00e3o-Almeida-GOVBA-2-300x200.jpg 300w\" sizes=\"(max-width: 455px) 100vw, 455px\" \/><\/p>\n<h3 style=\"text-align: justify\">As novas viaturas v\u00e3o modernizar e diversificar a frota do CBMBA, elevando a capacidade operacional da institui\u00e7\u00e3o, para melhor atender a sociedade, como destacou o comandante-geral do Corpo de Bombeiros Militar, coronel Adson Marchesini.<\/h3>\n<h3 style=\"text-align: justify\">\u201cEstes ve\u00edculos v\u00e3o auxiliar nas atividades de preven\u00e7\u00e3o e fiscaliza\u00e7\u00e3o para podermos manter a lei de seguran\u00e7a contra inc\u00eandio em dias na capital e no interior. Com certeza ser\u00e1 muito importante facilitar os deslocamentos da corpora\u00e7\u00e3o com mais agilidade\u201d.<\/h3>\n<h3 style=\"text-align: justify\"><strong>Preven\u00e7\u00e3o e combate \u00a0<\/strong><\/h3>\n<h3 style=\"text-align: justify\">Os ve\u00edculos v\u00e3o fortalecer as a\u00e7\u00f5es de combate e preven\u00e7\u00e3o de inc\u00eandios, e dar apoio a programas como Bahia sem Fogo, \u00a0Bahia Sem Fome e a\u00e7\u00f5es demandas por enchentes, que exigem uma log\u00edstica robusta e efetivo m\u00e1ximo, inclusive o servi\u00e7o administrativo, em apoio ao Sistema de Comando de Incidentes \u2013 SCI e suas se\u00e7\u00f5es de opera\u00e7\u00f5es, log\u00edstica e planejamento. Ainda ser\u00e3o usadas para transporte de t\u00e9cnicos e equipamentos em viagem.<\/h3>\n<h3 style=\"text-align: justify\">Al\u00e9m de unidades localizadas em Salvador e regi\u00e3o metropolitana, tamb\u00e9m foram contemplados os munic\u00edpios de Ilh\u00e9us, Barreiras e Feira de Santana. O coronel Lanusse Ara\u00fajo Andrade, do Comando de Seguran\u00e7a Contra Inc\u00eandio (CSCI), recebeu nove caminhonetes. Para ele, investimentos como este demonstram a relev\u00e2ncia desses equipamentos para uma melhor atua\u00e7\u00e3o dos profissionais. \u201cS\u00e3o ve\u00edculos que v\u00e3o facilitar o deslocamento, viaturas 4&#215;4, de grande porte, que ser\u00e3o utilizadas nas opera\u00e7\u00f5es de fiscaliza\u00e7\u00e3o e vistorias t\u00e9cnicas, sendo de grande utilidade para trabalhos de preven\u00e7\u00e3o\u201d, pontuou.<\/h3>\n<h3 style=\"text-align: justify\"><strong>Aprimoramento<\/strong><\/h3>\n<h3 style=\"text-align: justify\">Como parte do processo de fortalecimento do CBM, o coronel Adson Marchesini anunciou a cria\u00e7\u00e3o de um curso de p\u00f3s-gradua\u00e7\u00e3o em Desastres, em parceria com a Universidade Federal da Bahia (Ufba), para a capacita\u00e7\u00e3o e aprimoramento da tropa.<\/h3>\n<h3 style=\"text-align: justify\">Estavam presentes o vice-governador, Geraldo J\u00fanior, o sub-secret\u00e1rio da Seguran\u00e7a P\u00fablica, Marcel Oliveira, e o superintendente de Prote\u00e7\u00e3o e Defesa Civil (Sudec), Heber Santana.<\/h3>\n<p style=\"text-align: justify\">\n<p>&nbsp;<\/p>\n","protected":false},"excerpt":{"rendered":"<p>&nbsp; Unidades modernizam a frota e elevam a capacidade operacional da corpora\u00e7\u00e3o visando diminuir o tempo de resposta \u00e0s ocorr\u00eancias \u201cVidas alheias, riqueza salvar!\u201d Este \u00e9 o lema do Corpo de Bombeiros Militar da Bahia (CBMBA). Para dar mais agilidade e efici\u00eancia ao trabalho de fiscaliza\u00e7\u00e3o e vistorias desempenhado pela corpora\u00e7\u00e3o, o Governo do Estado [&hellip;]<\/p>\n","protected":false},"author":992,"featured_media":179407,"comment_status":"open","ping_status":"closed","sticky":false,"template":"","format":"standard","meta":{"footnotes":"","_links_to":"","_links_to_target":""},"categories":[14],"tags":[],"class_list":["post-179406","post","type-post","status-publish","format-standard","has-post-thumbnail","hentry","category-bahia-geral"],"views":384,"_links":{"self":[{"href":"https:\/\/www.politicosdosuldabahia.com.br\/v1\/wp-json\/wp\/v2\/posts\/179406"}],"collection":[{"href":"https:\/\/www.politicosdosuldabahia.com.br\/v1\/wp-json\/wp\/v2\/posts"}],"about":[{"href":"https:\/\/www.politicosdosuldabahia.com.br\/v1\/wp-json\/wp\/v2\/types\/post"}],"author":[{"embeddable":true,"href":"https:\/\/www.politicosdosuldabahia.com.br\/v1\/wp-json\/wp\/v2\/users\/992"}],"replies":[{"embeddable":true,"href":"https:\/\/www.politicosdosuldabahia.com.br\/v1\/wp-json\/wp\/v2\/comments?post=179406"}],"version-history":[{"count":1,"href":"https:\/\/www.politicosdosuldabahia.com.br\/v1\/wp-json\/wp\/v2\/posts\/179406\/revisions"}],"predecessor-version":[{"id":179409,"href":"https:\/\/www.politicosdosuldabahia.com.br\/v1\/wp-json\/wp\/v2\/posts\/179406\/revisions\/179409"}],"wp:featuredmedia":[{"embeddable":true,"href":"https:\/\/www.politicosdosuldabahia.com.br\/v1\/wp-json\/wp\/v2\/media\/179407"}],"wp:attachment":[{"href":"https:\/\/www.politicosdosuldabahia.com.br\/v1\/wp-json\/wp\/v2\/media?parent=179406"}],"wp:term":[{"taxonomy":"category","embeddable":true,"href":"https:\/\/www.politicosdosuldabahia.com.br\/v1\/wp-json\/wp\/v2\/categories?post=179406"},{"taxonomy":"post_tag","embeddable":true,"href":"https:\/\/www.politicosdosuldabahia.com.br\/v1\/wp-json\/wp\/v2\/tags?post=179406"}],"curies":[{"name":"wp","href":"https:\/\/api.w.org\/{rel}","templated":true}]}}