
{"id":178966,"date":"2023-12-06T16:02:03","date_gmt":"2023-12-06T19:02:03","guid":{"rendered":"http:\/\/www.politicosdosuldabahia.com.br\/v1\/?p=178966"},"modified":"2023-12-06T16:02:03","modified_gmt":"2023-12-06T19:02:03","slug":"potencial-da-bahia-apresentado-nos-emirados-arabes-e-na-alemanha-projeta-o-estado-para-novos-investimentos","status":"publish","type":"post","link":"https:\/\/www.politicosdosuldabahia.com.br\/v1\/2023\/12\/06\/potencial-da-bahia-apresentado-nos-emirados-arabes-e-na-alemanha-projeta-o-estado-para-novos-investimentos\/","title":{"rendered":"POTENCIAL DA BAHIA APRESENTADO NOS EMIRADOS \u00c1RABES E NA ALEMANHA PROJETA O ESTADO PARA NOVOS INVESTIMENTOS"},"content":{"rendered":"<p><img loading=\"lazy\" decoding=\"async\" class=\"wp-image-178967 aligncenter\" src=\"http:\/\/www.politicosdosuldabahia.com.br\/v1\/wp-content\/uploads\/2023\/12\/WhatsApp-Image-2023-12-06-at-13.49.28.jpeg\" alt=\"WhatsApp Image 2023-12-06 at 13.49.28\" width=\"455\" height=\"257\" srcset=\"https:\/\/www.politicosdosuldabahia.com.br\/v1\/wp-content\/uploads\/2023\/12\/WhatsApp-Image-2023-12-06-at-13.49.28.jpeg 800w, https:\/\/www.politicosdosuldabahia.com.br\/v1\/wp-content\/uploads\/2023\/12\/WhatsApp-Image-2023-12-06-at-13.49.28-300x169.jpeg 300w, https:\/\/www.politicosdosuldabahia.com.br\/v1\/wp-content\/uploads\/2023\/12\/WhatsApp-Image-2023-12-06-at-13.49.28-768x433.jpeg 768w\" sizes=\"(max-width: 455px) 100vw, 455px\" \/><\/p>\n<p>&nbsp;<\/p>\n<h4 style=\"text-align: center\"><strong><em>Durante miss\u00e3o internacional, governador Jer\u00f4nimo lan\u00e7ou o Atlas do Hidrog\u00eanio Verde e mostrou desempenho do estado a grupo de investidores e empres\u00e1rios<\/em><\/strong><\/h4>\n<h3 style=\"text-align: justify\">Finalizada esta semana, a miss\u00e3o internacional do governador Jer\u00f4nimo Rodrigues envolveu uma s\u00e9rie de compromissos que projetou a Bahia para novas possibilidades de investimentos, destacando o potencial do estado em diversas \u00e1reas. Jer\u00f4nimo retornou \u00e0 Bahia na noite de ter\u00e7a-feira (5), junto com a comitiva do Governo do Estado que o acompanhou em Dubai, nos Emirados \u00c1rabes Unidos, durante a 28\u00aa Confer\u00eancia Mundial sobre Mudan\u00e7as Clim\u00e1ticas das Na\u00e7\u00f5es Unidas (ONU) \u2013 a COP28, e tamb\u00e9m na Alemanha.<\/h3>\n<h3 style=\"text-align: justify\">Em cinco dias de viagem, o governador tratou de temas como agricultura, avia\u00e7\u00e3o, energia renov\u00e1vel, infraestrutura, transporte e fundos de investimentos. \u201cA agenda desta viagem tem muito potencial de contratos. A gente foi para fortalecer esse ambiente econ\u00f4mico. Deixamos marcado para que alguns empres\u00e1rios e investidores venham \u00e0 Bahia, no ano que vem, para negocia\u00e7\u00f5es, e para eles conhecerem de perto o bom desempenho do estado em diversos segmentos\u201d, explicou.<\/h3>\n<h3 style=\"text-align: justify\">Os compromissos oficiais foram iniciados na quinta-feira (30), nos Emirados \u00c1rabes, com uma visita a uma fazenda de t\u00e2maras na regi\u00e3o de Abu Dhabi. O objetivo foi conhecer uma unidade produtora para verificar a viabilidade da produ\u00e7\u00e3o em larga escala na Bahia. No mesmo dia, o governador e a comitiva estadual foram ao novo centro de treinamento da empresa de avia\u00e7\u00e3o Etihad. O Governo da Bahia negocia a cria\u00e7\u00e3o de uma rota a\u00e9rea direta entre Salvador e a capital dos Emirados \u00c1rabes, para estimular e fortalecer a atividade tur\u00edstica, com a abertura do turismo baiano ao mercado \u00e1rabe.<\/h3>\n<p><img loading=\"lazy\" decoding=\"async\" class=\"wp-image-178968 aligncenter\" src=\"http:\/\/www.politicosdosuldabahia.com.br\/v1\/wp-content\/uploads\/2023\/12\/WhatsApp-Image-2023-12-06-at-13.49.27.jpeg\" alt=\"WhatsApp Image 2023-12-06 at 13.49.27\" width=\"455\" height=\"341\" srcset=\"https:\/\/www.politicosdosuldabahia.com.br\/v1\/wp-content\/uploads\/2023\/12\/WhatsApp-Image-2023-12-06-at-13.49.27.jpeg 800w, https:\/\/www.politicosdosuldabahia.com.br\/v1\/wp-content\/uploads\/2023\/12\/WhatsApp-Image-2023-12-06-at-13.49.27-300x225.jpeg 300w, https:\/\/www.politicosdosuldabahia.com.br\/v1\/wp-content\/uploads\/2023\/12\/WhatsApp-Image-2023-12-06-at-13.49.27-768x576.jpeg 768w, https:\/\/www.politicosdosuldabahia.com.br\/v1\/wp-content\/uploads\/2023\/12\/WhatsApp-Image-2023-12-06-at-13.49.27-400x300.jpeg 400w\" sizes=\"(max-width: 455px) 100vw, 455px\" \/><\/p>\n<h3 style=\"text-align: justify\">\u201cEssa \u00e9 uma diretriz de nossa pol\u00edtica de turismo, atrair novos voos nacionais e internacionais, criando op\u00e7\u00f5es para que o turista saia de seu lugar de origem e v\u00e1 direto curtir as belezas naturais e culturais de nosso estado, sem precisar de conex\u00f5es e gastando menos tempo\u201d, resumiu Jer\u00f4nimo.<\/h3>\n<h3 style=\"text-align: justify\"><strong>Desenvolvimento sustent\u00e1vel<\/strong><\/h3>\n<h3 style=\"text-align: justify\">J\u00e1 na sexta-feira (1\u00ba), ao lado do presidente Lula, Jer\u00f4nimo participou da abertura da COP28. Em tr\u00eas dias de encontro, foi destacado o potencial baiano para a produ\u00e7\u00e3o de energia limpa, com a apresenta\u00e7\u00e3o do programa Bahia+Verde e o lan\u00e7amento do Atlas do Hidrog\u00eanio Verde. Outra a\u00e7\u00e3o foi debater a cria\u00e7\u00e3o do Fundo da Caatinga, que busca uma forma de financiar a\u00e7\u00f5es de preserva\u00e7\u00e3o e conviv\u00eancia sustent\u00e1vel com o bioma presente em grande parte do territ\u00f3rio baiano.<\/h3>\n<h3 style=\"text-align: justify\">Na segunda-feira (4), \u00faltimo dia da agenda internacional, o governador participou do F\u00f3rum Empresarial Brasil-Alemanha, em Berlim, para discutir a economia e os neg\u00f3cios entre eles. A Bahia foi apresentada a empres\u00e1rios e representantes do governo alem\u00e3o como uma das op\u00e7\u00f5es para investimentos, com grande disponibilidade de recursos naturais para produ\u00e7\u00e3o de energia renov\u00e1vel e projetos de alto impacto que comp\u00f5em o novo Programa de Acelera\u00e7\u00e3o do Crescimento (PAC). Neste mesmo dia, houve uma reuni\u00e3o com a empresa Bahn Engineering, especializada em ferrovias e portos. A companhia pretende investir no Brasil e foi convidada a conhecer o potencial e as oportunidades do estado.<\/h3>\n<h3 style=\"text-align: justify\">Fizeram parte da comitiva do governador os secret\u00e1rios de Desenvolvimento Econ\u00f4mico (SDE), Angelo Almeida; do Meio Ambiente (Sema), Eduardo Sodr\u00e9; e o superintendente de Atra\u00e7\u00e3o de Investimentos da SDE, Paulo Guimar\u00e3es.<\/h3>\n<h3 style=\"text-align: justify\">\u201cVolto com esse balan\u00e7o. Nos Emirados \u00c1rabe, Abu Dhabi e Dubai, fizemos boas agendas de neg\u00f3cios que ser\u00e3o desdobrados. Em breve, j\u00e1 ser\u00e1 poss\u00edvel ver os resultados concretos desta visita\u201d, concluiu Jer\u00f4nimo. Conforme o governador, a agenda de trabalho da gest\u00e3o foi desenhada para que o Estado siga crescendo com bases s\u00f3lidas. \u201cAgora \u00e9 fazer entrega, \u00e9 fechar o ano, fazer balan\u00e7o. N\u00f3s estamos a 25 dias de fechar o ano, fechar o ano letivo nas escolas, preparar entregas das escolas, de hospitais e policl\u00ednicas. Temos estradas para entregar, projetos de saneamento para entregar. J\u00e1 chegamos a 140 munic\u00edpios visitados e fechamos com a perspectiva de come\u00e7ar 2024 com essa energia\u201d, concluiu Jer\u00f4nimo.<\/h3>\n","protected":false},"excerpt":{"rendered":"<p>&nbsp; Durante miss\u00e3o internacional, governador Jer\u00f4nimo lan\u00e7ou o Atlas do Hidrog\u00eanio Verde e mostrou desempenho do estado a grupo de investidores e empres\u00e1rios Finalizada esta semana, a miss\u00e3o internacional do governador Jer\u00f4nimo Rodrigues envolveu uma s\u00e9rie de compromissos que projetou a Bahia para novas possibilidades de investimentos, destacando o potencial do estado em diversas \u00e1reas. [&hellip;]<\/p>\n","protected":false},"author":992,"featured_media":178967,"comment_status":"open","ping_status":"closed","sticky":false,"template":"","format":"standard","meta":{"footnotes":"","_links_to":"","_links_to_target":""},"categories":[14],"tags":[],"class_list":["post-178966","post","type-post","status-publish","format-standard","has-post-thumbnail","hentry","category-bahia-geral"],"views":374,"_links":{"self":[{"href":"https:\/\/www.politicosdosuldabahia.com.br\/v1\/wp-json\/wp\/v2\/posts\/178966"}],"collection":[{"href":"https:\/\/www.politicosdosuldabahia.com.br\/v1\/wp-json\/wp\/v2\/posts"}],"about":[{"href":"https:\/\/www.politicosdosuldabahia.com.br\/v1\/wp-json\/wp\/v2\/types\/post"}],"author":[{"embeddable":true,"href":"https:\/\/www.politicosdosuldabahia.com.br\/v1\/wp-json\/wp\/v2\/users\/992"}],"replies":[{"embeddable":true,"href":"https:\/\/www.politicosdosuldabahia.com.br\/v1\/wp-json\/wp\/v2\/comments?post=178966"}],"version-history":[{"count":1,"href":"https:\/\/www.politicosdosuldabahia.com.br\/v1\/wp-json\/wp\/v2\/posts\/178966\/revisions"}],"predecessor-version":[{"id":178969,"href":"https:\/\/www.politicosdosuldabahia.com.br\/v1\/wp-json\/wp\/v2\/posts\/178966\/revisions\/178969"}],"wp:featuredmedia":[{"embeddable":true,"href":"https:\/\/www.politicosdosuldabahia.com.br\/v1\/wp-json\/wp\/v2\/media\/178967"}],"wp:attachment":[{"href":"https:\/\/www.politicosdosuldabahia.com.br\/v1\/wp-json\/wp\/v2\/media?parent=178966"}],"wp:term":[{"taxonomy":"category","embeddable":true,"href":"https:\/\/www.politicosdosuldabahia.com.br\/v1\/wp-json\/wp\/v2\/categories?post=178966"},{"taxonomy":"post_tag","embeddable":true,"href":"https:\/\/www.politicosdosuldabahia.com.br\/v1\/wp-json\/wp\/v2\/tags?post=178966"}],"curies":[{"name":"wp","href":"https:\/\/api.w.org\/{rel}","templated":true}]}}