
{"id":178953,"date":"2023-12-06T12:17:54","date_gmt":"2023-12-06T15:17:54","guid":{"rendered":"http:\/\/www.politicosdosuldabahia.com.br\/v1\/?p=178953"},"modified":"2023-12-06T12:17:54","modified_gmt":"2023-12-06T15:17:54","slug":"deputados-se-unem-e-viabilizam-terceira-via-nas-eleicoes-de-2024-em-laje","status":"publish","type":"post","link":"https:\/\/www.politicosdosuldabahia.com.br\/v1\/2023\/12\/06\/deputados-se-unem-e-viabilizam-terceira-via-nas-eleicoes-de-2024-em-laje\/","title":{"rendered":"DEPUTADOS SE UNEM E VIABILIZAM TERCEIRA VIA NAS ELEI\u00c7\u00d5ES DE 2024 EM LAJE"},"content":{"rendered":"<h3 style=\"text-align: justify\"><img loading=\"lazy\" decoding=\"async\" class=\"wp-image-178954 aligncenter\" src=\"http:\/\/www.politicosdosuldabahia.com.br\/v1\/wp-content\/uploads\/2023\/12\/WhatsApp-Image-2023-12-06-at-11.55.53.jpeg\" alt=\"WhatsApp Image 2023-12-06 at 11.55.53\" width=\"455\" height=\"341\" srcset=\"https:\/\/www.politicosdosuldabahia.com.br\/v1\/wp-content\/uploads\/2023\/12\/WhatsApp-Image-2023-12-06-at-11.55.53.jpeg 1024w, https:\/\/www.politicosdosuldabahia.com.br\/v1\/wp-content\/uploads\/2023\/12\/WhatsApp-Image-2023-12-06-at-11.55.53-300x225.jpeg 300w, https:\/\/www.politicosdosuldabahia.com.br\/v1\/wp-content\/uploads\/2023\/12\/WhatsApp-Image-2023-12-06-at-11.55.53-768x576.jpeg 768w, https:\/\/www.politicosdosuldabahia.com.br\/v1\/wp-content\/uploads\/2023\/12\/WhatsApp-Image-2023-12-06-at-11.55.53-400x300.jpeg 400w\" sizes=\"(max-width: 455px) 100vw, 455px\" \/><\/h3>\n<h3 style=\"text-align: justify\">Deputados de correntes diferentes na Assembleia Legislativa articulam, de forma conjunta, o lan\u00e7amento de um candidato a prefeito da chamada terceira via para disputar as elei\u00e7\u00f5es de 2024 em Laje, munic\u00edpio da regi\u00e3o do Vale do Jiquiri\u00e7\u00e1.<\/h3>\n<h3 style=\"text-align: justify\">O postulante vai ser escolhido entre tr\u00eas nomes: o ex-prefeito Emiran (PT), o vereador mais bem votado de 2020, Roberval (Podemos), e a ex-secret\u00e1ria da Educa\u00e7\u00e3o Patr\u00edzia Andrade (Solidariedade). O entendimento foi firmado entre os deputados Vitor Azevedo (PL), Alan Sanches (Uni\u00e3o) e Rosemberg Pinto (PT), que tiveram vota\u00e7\u00e3o expressiva em Laje no pleito de 2022 e se reuniram na Assembleia com os pr\u00e9-candidatos.<\/h3>\n<h3 style=\"text-align: justify\">A defini\u00e7\u00e3o deve ocorrer antes do Carnaval. Em Laje, o prefeito Binho de Mota (PSD) lan\u00e7ou como candidata \u00e0 sucess\u00e3o a chefe de Gabinete Jaciara Rios (PSD). J\u00e1 a oposi\u00e7\u00e3o aposta no candidato a prefeito derrotado em 2020 Tany Motos (MDB). Tamb\u00e9m fazem pol\u00edtica em Laje os deputados estaduais Alex da Piat\u00e3 (PSD), que tem o apoio do prefeito, e Rog\u00e9rio Andrade (MDB), parceiro da oposi\u00e7\u00e3o na cidade.<\/h3>\n","protected":false},"excerpt":{"rendered":"<p>Deputados de correntes diferentes na Assembleia Legislativa articulam, de forma conjunta, o lan\u00e7amento de um candidato a prefeito da chamada terceira via para disputar as elei\u00e7\u00f5es de 2024 em Laje, munic\u00edpio da regi\u00e3o do Vale do Jiquiri\u00e7\u00e1. O postulante vai ser escolhido entre tr\u00eas nomes: o ex-prefeito Emiran (PT), o vereador mais bem votado de [&hellip;]<\/p>\n","protected":false},"author":992,"featured_media":178954,"comment_status":"open","ping_status":"closed","sticky":false,"template":"","format":"standard","meta":{"footnotes":"","_links_to":"","_links_to_target":""},"categories":[14,4],"tags":[],"class_list":["post-178953","post","type-post","status-publish","format-standard","has-post-thumbnail","hentry","category-bahia-geral","category-politica"],"views":406,"_links":{"self":[{"href":"https:\/\/www.politicosdosuldabahia.com.br\/v1\/wp-json\/wp\/v2\/posts\/178953"}],"collection":[{"href":"https:\/\/www.politicosdosuldabahia.com.br\/v1\/wp-json\/wp\/v2\/posts"}],"about":[{"href":"https:\/\/www.politicosdosuldabahia.com.br\/v1\/wp-json\/wp\/v2\/types\/post"}],"author":[{"embeddable":true,"href":"https:\/\/www.politicosdosuldabahia.com.br\/v1\/wp-json\/wp\/v2\/users\/992"}],"replies":[{"embeddable":true,"href":"https:\/\/www.politicosdosuldabahia.com.br\/v1\/wp-json\/wp\/v2\/comments?post=178953"}],"version-history":[{"count":1,"href":"https:\/\/www.politicosdosuldabahia.com.br\/v1\/wp-json\/wp\/v2\/posts\/178953\/revisions"}],"predecessor-version":[{"id":178955,"href":"https:\/\/www.politicosdosuldabahia.com.br\/v1\/wp-json\/wp\/v2\/posts\/178953\/revisions\/178955"}],"wp:featuredmedia":[{"embeddable":true,"href":"https:\/\/www.politicosdosuldabahia.com.br\/v1\/wp-json\/wp\/v2\/media\/178954"}],"wp:attachment":[{"href":"https:\/\/www.politicosdosuldabahia.com.br\/v1\/wp-json\/wp\/v2\/media?parent=178953"}],"wp:term":[{"taxonomy":"category","embeddable":true,"href":"https:\/\/www.politicosdosuldabahia.com.br\/v1\/wp-json\/wp\/v2\/categories?post=178953"},{"taxonomy":"post_tag","embeddable":true,"href":"https:\/\/www.politicosdosuldabahia.com.br\/v1\/wp-json\/wp\/v2\/tags?post=178953"}],"curies":[{"name":"wp","href":"https:\/\/api.w.org\/{rel}","templated":true}]}}