
{"id":178570,"date":"2023-11-22T10:53:25","date_gmt":"2023-11-22T13:53:25","guid":{"rendered":"http:\/\/www.politicosdosuldabahia.com.br\/v1\/?p=178570"},"modified":"2023-11-22T10:53:25","modified_gmt":"2023-11-22T13:53:25","slug":"lei-que-veda-contratacao-de-condenados-por-racismo-e-sancionada-pelo-governador","status":"publish","type":"post","link":"https:\/\/www.politicosdosuldabahia.com.br\/v1\/2023\/11\/22\/lei-que-veda-contratacao-de-condenados-por-racismo-e-sancionada-pelo-governador\/","title":{"rendered":"LEI QUE VEDA CONTRATA\u00c7\u00c3O DE CONDENADOS POR RACISMO \u00c9 SANCIONADA PELO GOVERNADOR"},"content":{"rendered":"<p>&nbsp;<\/p>\n<h3><img loading=\"lazy\" decoding=\"async\" class=\"alignnone size-full wp-image-178571 aligncenter\" src=\"http:\/\/www.politicosdosuldabahia.com.br\/v1\/wp-content\/uploads\/2023\/11\/WhatsApp-Image-2023-11-22-at-09.14.08.jpeg\" alt=\"WhatsApp Image 2023-11-22 at 09.14.08\" width=\"455\" height=\"303\" srcset=\"https:\/\/www.politicosdosuldabahia.com.br\/v1\/wp-content\/uploads\/2023\/11\/WhatsApp-Image-2023-11-22-at-09.14.08.jpeg 455w, https:\/\/www.politicosdosuldabahia.com.br\/v1\/wp-content\/uploads\/2023\/11\/WhatsApp-Image-2023-11-22-at-09.14.08-300x200.jpeg 300w\" sizes=\"(max-width: 455px) 100vw, 455px\" \/><\/h3>\n<h3 style=\"text-align: justify\">Um importante passo na luta antirracista e para o enfrentamento ao racismo institucional foi dado nesta ter\u00e7a-feira (21). O governador Jer\u00f4nimo Rodrigues sancionou a lei que veda a nomea\u00e7\u00e3o para cargos p\u00fablicos de pessoas que tenham sido condenadas por crimes de racismo, de acordo com a Lei Federal n\u00b0 7.716, de 5 de janeiro de 1989 &#8211; Lei do Racismo, bem como pelo art. 140, \u00a7 3 do C\u00f3digo Penal &#8211; Inj\u00faria Racial.<\/h3>\n<h3 style=\"text-align: justify\">Para o governador, o projeto de lei contribui com a constru\u00e7\u00e3o de pol\u00edticas antirracistas no Estado. \u201cTodos aqueles que praticam qualquer ato racista, em qualquer lugar, precisam entender que o Estado est\u00e1 alerta a isso. N\u00e3o vamos deixar que essas pessoas tenham a oportunidade de praticar o racismo institucional em cargos de Governo\u201d.<\/h3>\n<h3 style=\"text-align: justify\">O projeto de lei, de autoria da deputada estadual Fab\u00edola Mansur, foi aprovado, de forma un\u00e2nime, pela Assembleia Legislativa no \u00faltimo m\u00eas de agosto. De acordo com a deputada, a motiva\u00e7\u00e3o para criar esse projeto foi reparar essa distor\u00e7\u00e3o, pois com 80% da popula\u00e7\u00e3o negra, a Bahia ainda n\u00e3o contava com esse dispositivo no Estatuto do Servidor. \u201cHouve um caso no m\u00eas de mar\u00e7o, e percebemos que n\u00e3o havia no Estatuto do Servidor algo que vedasse a nomea\u00e7\u00e3o de pessoas condenadas por racismo\u00a0 e inj\u00faria racial. O projeto faz parte da nossa aprendizagem constante na luta antirracista\u201d, afirmou a parlamentar.<\/h3>\n<h3 style=\"text-align: justify\">A assinatura sancionando a lei foi realizada durante o evento em celebra\u00e7\u00e3o ao Novembro Negro, na Concha Ac\u00fastica do Teatro Castro Alves, na noite desta ter\u00e7a-feira (21).<\/h3>\n","protected":false},"excerpt":{"rendered":"<p>&nbsp; Um importante passo na luta antirracista e para o enfrentamento ao racismo institucional foi dado nesta ter\u00e7a-feira (21). O governador Jer\u00f4nimo Rodrigues sancionou a lei que veda a nomea\u00e7\u00e3o para cargos p\u00fablicos de pessoas que tenham sido condenadas por crimes de racismo, de acordo com a Lei Federal n\u00b0 7.716, de 5 de janeiro [&hellip;]<\/p>\n","protected":false},"author":992,"featured_media":178571,"comment_status":"open","ping_status":"closed","sticky":false,"template":"","format":"standard","meta":{"footnotes":"","_links_to":"","_links_to_target":""},"categories":[14],"tags":[],"class_list":["post-178570","post","type-post","status-publish","format-standard","has-post-thumbnail","hentry","category-bahia-geral"],"views":368,"_links":{"self":[{"href":"https:\/\/www.politicosdosuldabahia.com.br\/v1\/wp-json\/wp\/v2\/posts\/178570"}],"collection":[{"href":"https:\/\/www.politicosdosuldabahia.com.br\/v1\/wp-json\/wp\/v2\/posts"}],"about":[{"href":"https:\/\/www.politicosdosuldabahia.com.br\/v1\/wp-json\/wp\/v2\/types\/post"}],"author":[{"embeddable":true,"href":"https:\/\/www.politicosdosuldabahia.com.br\/v1\/wp-json\/wp\/v2\/users\/992"}],"replies":[{"embeddable":true,"href":"https:\/\/www.politicosdosuldabahia.com.br\/v1\/wp-json\/wp\/v2\/comments?post=178570"}],"version-history":[{"count":1,"href":"https:\/\/www.politicosdosuldabahia.com.br\/v1\/wp-json\/wp\/v2\/posts\/178570\/revisions"}],"predecessor-version":[{"id":178572,"href":"https:\/\/www.politicosdosuldabahia.com.br\/v1\/wp-json\/wp\/v2\/posts\/178570\/revisions\/178572"}],"wp:featuredmedia":[{"embeddable":true,"href":"https:\/\/www.politicosdosuldabahia.com.br\/v1\/wp-json\/wp\/v2\/media\/178571"}],"wp:attachment":[{"href":"https:\/\/www.politicosdosuldabahia.com.br\/v1\/wp-json\/wp\/v2\/media?parent=178570"}],"wp:term":[{"taxonomy":"category","embeddable":true,"href":"https:\/\/www.politicosdosuldabahia.com.br\/v1\/wp-json\/wp\/v2\/categories?post=178570"},{"taxonomy":"post_tag","embeddable":true,"href":"https:\/\/www.politicosdosuldabahia.com.br\/v1\/wp-json\/wp\/v2\/tags?post=178570"}],"curies":[{"name":"wp","href":"https:\/\/api.w.org\/{rel}","templated":true}]}}