
{"id":178281,"date":"2023-11-08T16:22:31","date_gmt":"2023-11-08T19:22:31","guid":{"rendered":"http:\/\/www.politicosdosuldabahia.com.br\/v1\/?p=178281"},"modified":"2023-11-08T16:22:31","modified_gmt":"2023-11-08T19:22:31","slug":"interior-da-bahia-tem-secretario-geral-do-psol-estadual","status":"publish","type":"post","link":"https:\/\/www.politicosdosuldabahia.com.br\/v1\/2023\/11\/08\/interior-da-bahia-tem-secretario-geral-do-psol-estadual\/","title":{"rendered":"INTERIOR DA BAHIA TEM SECRET\u00c1RIO-GERAL DO PSOL ESTADUAL"},"content":{"rendered":"<p>&nbsp;<\/p>\n<h3 style=\"text-align: justify\"><img loading=\"lazy\" decoding=\"async\" class=\"aligncenter wp-image-178282\" src=\"http:\/\/www.politicosdosuldabahia.com.br\/v1\/wp-content\/uploads\/2023\/11\/WhatsApp-Image-2023-11-08-at-16.13.07.jpeg\" alt=\"WhatsApp Image 2023-11-08 at 16.13.07\" width=\"322\" height=\"455\" srcset=\"https:\/\/www.politicosdosuldabahia.com.br\/v1\/wp-content\/uploads\/2023\/11\/WhatsApp-Image-2023-11-08-at-16.13.07.jpeg 595w, https:\/\/www.politicosdosuldabahia.com.br\/v1\/wp-content\/uploads\/2023\/11\/WhatsApp-Image-2023-11-08-at-16.13.07-212x300.jpeg 212w\" sizes=\"(max-width: 322px) 100vw, 322px\" \/><\/h3>\n<h3 style=\"text-align: justify\">O interior da Bahia est\u00e1 sendo representado em um dos principais cargos da Executiva Estadual do PSOL. O professor Max, que tem uma longa trajet\u00f3ria, de mais de 35 anos como militante socialista, sendo 12 deles, dedicados ao Psol assumiu a secretaria-geral do partido e ser\u00e1 titular nos pr\u00f3ximos tr\u00eas anos.<\/h3>\n<h3 style=\"text-align: justify\">Sendo ele, uma figura p\u00fablica do Partido Socialismo e Liberdade, que foi candidato a vice-prefeito de Itabuna em 2016, a deputado estadual em 2018, e a prefeito nas \u00faltimas elei\u00e7\u00f5es, al\u00e9m de candidato na chapa coletiva ao Senado Federal ano passado, possui todas as condi\u00e7\u00f5es de realizar um excelente trabalho \u00e0 frente da SG.<\/h3>\n<h3 style=\"text-align: justify\">Max afirma que ter\u00e1 uma participa\u00e7\u00e3o ativa nas lutas de resist\u00eancia, com um perfil coerente para o crescimento do partido a n\u00edvel regional, estadual e nacional.\u201cAgrade\u00e7o ao nosso grupo pol\u00edtico, sob a coordena\u00e7\u00e3o do companheiro Franklin Oliveira e da companheira Elze Fachinette, os quais, nos indicou para este cargo t\u00e3o importante e desafiador&#8221;.<\/h3>\n<h3 style=\"text-align: justify\">Sobre os desafios, o professor aponta a necessidade de transformar o PSOL num partido classista, com o qual a popula\u00e7\u00e3o possa se identificar. Constru\u00edmos, at\u00e9 aqui, um partido de apoio program\u00e1tico, com vi\u00e9s socialista,\u00a0 que dialoga, com muita propriedade em diversas pautas, mas \u00e9 preciso agora dar um passo \u00e0 frente, fazendo com que os trabalhadores, os desempregados e as camadas populares possam ver o PSOL como seu partido, como o partido que os defendem\u201d,\u00a0 concluiu professor Max.<\/h3>\n<p>&nbsp;<\/p>\n<p>&nbsp;<\/p>\n","protected":false},"excerpt":{"rendered":"<p>&nbsp; O interior da Bahia est\u00e1 sendo representado em um dos principais cargos da Executiva Estadual do PSOL. O professor Max, que tem uma longa trajet\u00f3ria, de mais de 35 anos como militante socialista, sendo 12 deles, dedicados ao Psol assumiu a secretaria-geral do partido e ser\u00e1 titular nos pr\u00f3ximos tr\u00eas anos. Sendo ele, uma [&hellip;]<\/p>\n","protected":false},"author":992,"featured_media":178282,"comment_status":"open","ping_status":"closed","sticky":false,"template":"","format":"standard","meta":{"footnotes":"","_links_to":"","_links_to_target":""},"categories":[14,4],"tags":[],"class_list":["post-178281","post","type-post","status-publish","format-standard","has-post-thumbnail","hentry","category-bahia-geral","category-politica"],"views":464,"_links":{"self":[{"href":"https:\/\/www.politicosdosuldabahia.com.br\/v1\/wp-json\/wp\/v2\/posts\/178281"}],"collection":[{"href":"https:\/\/www.politicosdosuldabahia.com.br\/v1\/wp-json\/wp\/v2\/posts"}],"about":[{"href":"https:\/\/www.politicosdosuldabahia.com.br\/v1\/wp-json\/wp\/v2\/types\/post"}],"author":[{"embeddable":true,"href":"https:\/\/www.politicosdosuldabahia.com.br\/v1\/wp-json\/wp\/v2\/users\/992"}],"replies":[{"embeddable":true,"href":"https:\/\/www.politicosdosuldabahia.com.br\/v1\/wp-json\/wp\/v2\/comments?post=178281"}],"version-history":[{"count":1,"href":"https:\/\/www.politicosdosuldabahia.com.br\/v1\/wp-json\/wp\/v2\/posts\/178281\/revisions"}],"predecessor-version":[{"id":178283,"href":"https:\/\/www.politicosdosuldabahia.com.br\/v1\/wp-json\/wp\/v2\/posts\/178281\/revisions\/178283"}],"wp:featuredmedia":[{"embeddable":true,"href":"https:\/\/www.politicosdosuldabahia.com.br\/v1\/wp-json\/wp\/v2\/media\/178282"}],"wp:attachment":[{"href":"https:\/\/www.politicosdosuldabahia.com.br\/v1\/wp-json\/wp\/v2\/media?parent=178281"}],"wp:term":[{"taxonomy":"category","embeddable":true,"href":"https:\/\/www.politicosdosuldabahia.com.br\/v1\/wp-json\/wp\/v2\/categories?post=178281"},{"taxonomy":"post_tag","embeddable":true,"href":"https:\/\/www.politicosdosuldabahia.com.br\/v1\/wp-json\/wp\/v2\/tags?post=178281"}],"curies":[{"name":"wp","href":"https:\/\/api.w.org\/{rel}","templated":true}]}}