
{"id":178274,"date":"2023-11-08T16:09:23","date_gmt":"2023-11-08T19:09:23","guid":{"rendered":"http:\/\/www.politicosdosuldabahia.com.br\/v1\/?p=178274"},"modified":"2023-11-08T16:11:23","modified_gmt":"2023-11-08T19:11:23","slug":"bahia-plenario-aprova-aumento-do-icms-em-15","status":"publish","type":"post","link":"https:\/\/www.politicosdosuldabahia.com.br\/v1\/2023\/11\/08\/bahia-plenario-aprova-aumento-do-icms-em-15\/","title":{"rendered":"BAHIA: PLEN\u00c1RIO APROVA AUMENTO DO ICMS EM 1,5%"},"content":{"rendered":"<h4 style=\"text-align: center\"><img loading=\"lazy\" decoding=\"async\" class=\"alignnone size-full wp-image-178275\" src=\"http:\/\/www.politicosdosuldabahia.com.br\/v1\/wp-content\/uploads\/2023\/11\/WhatsApp-Image-2023-11-07-at-22.00.23.jpeg\" alt=\"WhatsApp Image 2023-11-07 at 22.00.23\" width=\"455\" height=\"303\" srcset=\"https:\/\/www.politicosdosuldabahia.com.br\/v1\/wp-content\/uploads\/2023\/11\/WhatsApp-Image-2023-11-07-at-22.00.23.jpeg 455w, https:\/\/www.politicosdosuldabahia.com.br\/v1\/wp-content\/uploads\/2023\/11\/WhatsApp-Image-2023-11-07-at-22.00.23-300x200.jpeg 300w\" sizes=\"(max-width: 455px) 100vw, 455px\" \/><\/h4>\n<h4 style=\"text-align: center\"><strong><em>Tributo baiano \u00e9 o menor do Nordeste<\/em><\/strong><\/h4>\n<h3 style=\"text-align: justify\"><\/h3>\n<h3 style=\"text-align: justify\">Importante para o equil\u00edbrio das contas do Estado e a garantia de investimentos, foi aprovada ontem (08) a noite em Plen\u00e1rio, a recomposi\u00e7\u00e3o das al\u00edquotas do\u00a0ICMS\u00a0(Imposto sobre Circula\u00e7\u00e3o de Mercadorias e Servi\u00e7os)\u00a0e redu\u00e7\u00e3o das tarifas das telecomunica\u00e7\u00f5es.\u00a0A\u00a0proposta\u00a0amplia\u00a0a al\u00edquota\u00a0de\u00a019% para 20,5%\u00a0e\u00a0revoga as atuais\u00a0tarifas\u00a0de energia el\u00e9trica\u00a0(27%)\u00a0e de servi\u00e7os de telecomunica\u00e7\u00f5es\u00a0(28%),\u00a0reduzindo\u00a0ao patamar da al\u00edquota modal\u00a0(20%).\u00a0Mesmo com a quebra de acordo da oposi\u00e7\u00e3o, que\u00a0pediu\u00a0verifica\u00e7\u00e3o de qu\u00f3rum\u00a0j\u00e1\u00a0no pequeno expediente,\u00a0e uso de todas as prerrogativas para obstru\u00e7\u00e3o,\u00a0o Projeto foi aprovado.<\/h3>\n<h3 style=\"text-align: justify\">A proposi\u00e7\u00e3o, enviada \u00e0 casa pelo chefe do Executivo,\u00a0Jer\u00f4nimo Rodrigues,\u00a0est\u00e1 fundamentada na\u00a0elevada perda de arrecada\u00e7\u00e3o,\u00a0na\u00a0redu\u00e7\u00e3o da carga tribut\u00e1ria dos combust\u00edveis e\u00a0na nova sistem\u00e1tica de tributa\u00e7\u00e3o monof\u00e1sica.\u00a0Vale ressaltar que a Bahia tem,\u00a0at\u00e9 ent\u00e3o,\u00a0a menor\u00a0taxa\u00a0do Nordeste.<\/h3>\n<h3 style=\"text-align: justify\">Para o deputado estadual e l\u00edder da Maioria, Rosemberg Pinto (PT), a iniciativa impacta na arrecada\u00e7\u00e3o do estado e repercute tamb\u00e9m nos munic\u00edpios. \u201cN\u00e3o se trata de onera\u00e7\u00e3o, mas de\u00a0uma\u00a0adequa\u00e7\u00e3o das contas p\u00fablicas e que traz um ponto positivo com a redu\u00e7\u00e3o das tarifas de energia, favorecendo \u00e0s pessoas e empresas\u00a0com a redu\u00e7\u00e3o das contas e queda no custo operacional, respectivamente\u201d,\u00a0avalia.<\/h3>\n<p>&nbsp;<\/p>\n","protected":false},"excerpt":{"rendered":"<p>Tributo baiano \u00e9 o menor do Nordeste Importante para o equil\u00edbrio das contas do Estado e a garantia de investimentos, foi aprovada ontem (08) a noite em Plen\u00e1rio, a recomposi\u00e7\u00e3o das al\u00edquotas do\u00a0ICMS\u00a0(Imposto sobre Circula\u00e7\u00e3o de Mercadorias e Servi\u00e7os)\u00a0e redu\u00e7\u00e3o das tarifas das telecomunica\u00e7\u00f5es.\u00a0A\u00a0proposta\u00a0amplia\u00a0a al\u00edquota\u00a0de\u00a019% para 20,5%\u00a0e\u00a0revoga as atuais\u00a0tarifas\u00a0de energia el\u00e9trica\u00a0(27%)\u00a0e de servi\u00e7os de telecomunica\u00e7\u00f5es\u00a0(28%),\u00a0reduzindo\u00a0ao [&hellip;]<\/p>\n","protected":false},"author":992,"featured_media":178275,"comment_status":"open","ping_status":"closed","sticky":false,"template":"","format":"standard","meta":{"footnotes":"","_links_to":"","_links_to_target":""},"categories":[14],"tags":[],"class_list":["post-178274","post","type-post","status-publish","format-standard","has-post-thumbnail","hentry","category-bahia-geral"],"views":390,"_links":{"self":[{"href":"https:\/\/www.politicosdosuldabahia.com.br\/v1\/wp-json\/wp\/v2\/posts\/178274"}],"collection":[{"href":"https:\/\/www.politicosdosuldabahia.com.br\/v1\/wp-json\/wp\/v2\/posts"}],"about":[{"href":"https:\/\/www.politicosdosuldabahia.com.br\/v1\/wp-json\/wp\/v2\/types\/post"}],"author":[{"embeddable":true,"href":"https:\/\/www.politicosdosuldabahia.com.br\/v1\/wp-json\/wp\/v2\/users\/992"}],"replies":[{"embeddable":true,"href":"https:\/\/www.politicosdosuldabahia.com.br\/v1\/wp-json\/wp\/v2\/comments?post=178274"}],"version-history":[{"count":1,"href":"https:\/\/www.politicosdosuldabahia.com.br\/v1\/wp-json\/wp\/v2\/posts\/178274\/revisions"}],"predecessor-version":[{"id":178276,"href":"https:\/\/www.politicosdosuldabahia.com.br\/v1\/wp-json\/wp\/v2\/posts\/178274\/revisions\/178276"}],"wp:featuredmedia":[{"embeddable":true,"href":"https:\/\/www.politicosdosuldabahia.com.br\/v1\/wp-json\/wp\/v2\/media\/178275"}],"wp:attachment":[{"href":"https:\/\/www.politicosdosuldabahia.com.br\/v1\/wp-json\/wp\/v2\/media?parent=178274"}],"wp:term":[{"taxonomy":"category","embeddable":true,"href":"https:\/\/www.politicosdosuldabahia.com.br\/v1\/wp-json\/wp\/v2\/categories?post=178274"},{"taxonomy":"post_tag","embeddable":true,"href":"https:\/\/www.politicosdosuldabahia.com.br\/v1\/wp-json\/wp\/v2\/tags?post=178274"}],"curies":[{"name":"wp","href":"https:\/\/api.w.org\/{rel}","templated":true}]}}