
{"id":176503,"date":"2023-09-05T17:05:16","date_gmt":"2023-09-05T20:05:16","guid":{"rendered":"http:\/\/www.politicosdosuldabahia.com.br\/v1\/?p=176503"},"modified":"2023-09-05T17:05:16","modified_gmt":"2023-09-05T20:05:16","slug":"deputado-sandro-regis-pede-intervencao-federal-na-seguranca-da-bahia-o-governo-do-estado-perdeu-o-controle-da-situacao","status":"publish","type":"post","link":"https:\/\/www.politicosdosuldabahia.com.br\/v1\/2023\/09\/05\/deputado-sandro-regis-pede-intervencao-federal-na-seguranca-da-bahia-o-governo-do-estado-perdeu-o-controle-da-situacao\/","title":{"rendered":"DEPUTADO SANDRO R\u00c9GIS PEDE INTERVEN\u00c7\u00c3O FEDERAL NA SEGURAN\u00c7A DA BAHIA: \u201c O GOVERNO DO ESTADO PERDEU O CONTROLE DA SITUA\u00c7\u00c3O\u201d"},"content":{"rendered":"<p><img loading=\"lazy\" decoding=\"async\" class=\"alignnone wp-image-176502\" src=\"http:\/\/www.politicosdosuldabahia.com.br\/v1\/wp-content\/uploads\/2023\/09\/ba7be0d7-8d86-4df1-b3ef-2f8dcac24ab6.jpeg\" alt=\"ba7be0d7-8d86-4df1-b3ef-2f8dcac24ab6\" width=\"455\" height=\"436\" srcset=\"https:\/\/www.politicosdosuldabahia.com.br\/v1\/wp-content\/uploads\/2023\/09\/ba7be0d7-8d86-4df1-b3ef-2f8dcac24ab6.jpeg 1280w, https:\/\/www.politicosdosuldabahia.com.br\/v1\/wp-content\/uploads\/2023\/09\/ba7be0d7-8d86-4df1-b3ef-2f8dcac24ab6-300x288.jpeg 300w, https:\/\/www.politicosdosuldabahia.com.br\/v1\/wp-content\/uploads\/2023\/09\/ba7be0d7-8d86-4df1-b3ef-2f8dcac24ab6-768x736.jpeg 768w, https:\/\/www.politicosdosuldabahia.com.br\/v1\/wp-content\/uploads\/2023\/09\/ba7be0d7-8d86-4df1-b3ef-2f8dcac24ab6-1024x982.jpeg 1024w\" sizes=\"(max-width: 455px) 100vw, 455px\" \/><\/p>\n<h3 style=\"text-align: justify\">*Deputado Sandro R\u00e9gis pede interven\u00e7\u00e3o federal na seguran\u00e7a da Bahia: \u201co Governo do Estado perdeu o controle da situa\u00e7\u00e3o\u201d*<\/h3>\n<h3 style=\"text-align: justify\">\nO deputado estadual Sandro R\u00e9gis (Uni\u00e3o Brasil) encaminhou, nesta ter\u00e7a-feira (5), um projeto de Indica\u00e7\u00e3o ao Minist\u00e9rio da Justi\u00e7a solicitando interven\u00e7\u00e3o federal na seguran\u00e7a p\u00fablica da Bahia e o envio de tropas da for\u00e7a nacional para combater a onda de viol\u00eancia que atinge o Estado.<\/h3>\n<h3 style=\"text-align: justify\">\u201cO Governo do Estado perdeu o controle da situa\u00e7\u00e3o e os tiroteios \u00e0 luz do dia j\u00e1 s\u00e3o frequentes em todos os bairros da cidade de Salvador. E n\u00e3o \u00e9 diferente no interior do estado, onde munic\u00edpios pequenos est\u00e3o sofrendo com a disputa entre fac\u00e7\u00f5es, arrast\u00f5es, mortes de inocentes e at\u00e9 moradores sendo feitos ref\u00e9ns em suas pr\u00f3prias casas\u201d, descreve Sandro R\u00e9gis, ao justificar o pedido de interven\u00e7\u00e3o.<\/h3>\n<h3 style=\"text-align: justify\">Esta semana, fac\u00e7\u00f5es criminosas chegaram a agendar um hor\u00e1rio de confronto e decretaram toque de recolher em bairros da regi\u00e3o central de Salvador.<\/h3>\n<h3 style=\"text-align: justify\">\u201cInfelizmente o governo do Estado perdeu o controle da situa\u00e7\u00e3o. Nesse momento, a gente tem que deixar a disputa pol\u00edtica de lado e tratar de proteger a vida dos baianos. A criminalidade est\u00e1 solta e o governo do Estado n\u00e3o consegue reagir\u201d, pontua Sandro R\u00e9gis.<\/h3>\n<h3 style=\"text-align: justify\">De acordo com o F\u00f3rum Brasileiro de Seguran\u00e7a P\u00fablica, as quatro cidades mais violentas do Pa\u00eds est\u00e3o na Bahia: Jequi\u00e9, Santo Ant\u00f4nio de Jesus, Sim\u00f5es Filho e Cama\u00e7ari. Entre as 20, 11 s\u00e3o baianas.<\/h3>\n<h3 style=\"text-align: justify\">O Monitor da Viol\u00eancia &#8211; \u00edndice de homic\u00eddios baseado em informa\u00e7\u00f5es oficiais dos estados e do Distrito Federal -, feito pelo portal G1 e pela Universidade de S\u00e3o Paulo (USP), tamb\u00e9m destaca que a Bahia lidera o ranking nacional de mortes violentas por quatro anos seguidos, desde 2019.<\/h3>\n<p>&nbsp;<\/p>\n","protected":false},"excerpt":{"rendered":"<p>*Deputado Sandro R\u00e9gis pede interven\u00e7\u00e3o federal na seguran\u00e7a da Bahia: \u201co Governo do Estado perdeu o controle da situa\u00e7\u00e3o\u201d* O deputado estadual Sandro R\u00e9gis (Uni\u00e3o Brasil) encaminhou, nesta ter\u00e7a-feira (5), um projeto de Indica\u00e7\u00e3o ao Minist\u00e9rio da Justi\u00e7a solicitando interven\u00e7\u00e3o federal na seguran\u00e7a p\u00fablica da Bahia e o envio de tropas da for\u00e7a nacional para [&hellip;]<\/p>\n","protected":false},"author":992,"featured_media":0,"comment_status":"open","ping_status":"closed","sticky":false,"template":"","format":"standard","meta":{"footnotes":"","_links_to":"","_links_to_target":""},"categories":[14,4],"tags":[],"class_list":["post-176503","post","type-post","status-publish","format-standard","hentry","category-bahia-geral","category-politica"],"views":507,"_links":{"self":[{"href":"https:\/\/www.politicosdosuldabahia.com.br\/v1\/wp-json\/wp\/v2\/posts\/176503"}],"collection":[{"href":"https:\/\/www.politicosdosuldabahia.com.br\/v1\/wp-json\/wp\/v2\/posts"}],"about":[{"href":"https:\/\/www.politicosdosuldabahia.com.br\/v1\/wp-json\/wp\/v2\/types\/post"}],"author":[{"embeddable":true,"href":"https:\/\/www.politicosdosuldabahia.com.br\/v1\/wp-json\/wp\/v2\/users\/992"}],"replies":[{"embeddable":true,"href":"https:\/\/www.politicosdosuldabahia.com.br\/v1\/wp-json\/wp\/v2\/comments?post=176503"}],"version-history":[{"count":2,"href":"https:\/\/www.politicosdosuldabahia.com.br\/v1\/wp-json\/wp\/v2\/posts\/176503\/revisions"}],"predecessor-version":[{"id":176505,"href":"https:\/\/www.politicosdosuldabahia.com.br\/v1\/wp-json\/wp\/v2\/posts\/176503\/revisions\/176505"}],"wp:attachment":[{"href":"https:\/\/www.politicosdosuldabahia.com.br\/v1\/wp-json\/wp\/v2\/media?parent=176503"}],"wp:term":[{"taxonomy":"category","embeddable":true,"href":"https:\/\/www.politicosdosuldabahia.com.br\/v1\/wp-json\/wp\/v2\/categories?post=176503"},{"taxonomy":"post_tag","embeddable":true,"href":"https:\/\/www.politicosdosuldabahia.com.br\/v1\/wp-json\/wp\/v2\/tags?post=176503"}],"curies":[{"name":"wp","href":"https:\/\/api.w.org\/{rel}","templated":true}]}}