
{"id":175938,"date":"2023-08-17T16:16:39","date_gmt":"2023-08-17T19:16:39","guid":{"rendered":"http:\/\/www.politicosdosuldabahia.com.br\/v1\/?p=175938"},"modified":"2023-08-17T16:16:40","modified_gmt":"2023-08-17T19:16:40","slug":"itapetinga-ex-vereador-foi-preso-por-suspeita-de-participacao-em-morte-de-fazendeiro","status":"publish","type":"post","link":"https:\/\/www.politicosdosuldabahia.com.br\/v1\/2023\/08\/17\/itapetinga-ex-vereador-foi-preso-por-suspeita-de-participacao-em-morte-de-fazendeiro\/","title":{"rendered":"ITAPETINGA: EX-VEREADOR FOI PRESO POR SUSPEITA DE PARTICIPA\u00c7\u00c3O EM MORTE DE FAZENDEIRO"},"content":{"rendered":"<p><a href=\"http:\/\/www.politicosdosuldabahia.com.br\/v1\/2023\/08\/17\/itapetinga-ex-vereador-foi-preso-por-suspeita-de-participacao-em-morte-de-fazendeiro\/img-20230814-wa0884\/\" rel=\"attachment wp-att-175939\"><img loading=\"lazy\" decoding=\"async\" class=\"aligncenter size-full wp-image-175939\" src=\"http:\/\/www.politicosdosuldabahia.com.br\/v1\/wp-content\/uploads\/2023\/08\/IMG-20230814-WA0884-e1692299679752.jpg\" alt=\"IMG-20230814-WA0884\" width=\"500\" height=\"463\" \/><\/a><\/p>\n<h3 style=\"text-align: justify;\">Nesta semana a pol\u00edcia civil de Itapetinga prendeu tr\u00eas pessoas acusados de participarem do assassinato do comerciante e pecuarista Jo\u00e3o Martins.<\/h3>\n<h3 style=\"text-align: justify;\">Foram presos a vi\u00fava Vanessa Azevedo, Beto Oliveira e o ex-vereador Ded\u00e9 Moraes(foto). Os tr\u00eas foram transferidos par o presidio de Vit\u00f3ria da Conquista.<\/h3>\n<h3 style=\"text-align: justify;\">Jo\u00e3o Martins foi assassinado em maio na sua fazenda, que fica localizada em Encruzilhada. Ele era comerciante em Itapetinga e sua morte causou grande repercuss\u00e3o na cidade.<\/h3>\n<p><a href=\"http:\/\/www.politicosdosuldabahia.com.br\/v1\/2023\/08\/17\/itapetinga-ex-vereador-foi-preso-por-suspeita-de-participacao-em-morte-de-fazendeiro\/img-20230816-wa0120\/\" rel=\"attachment wp-att-175940\"><img loading=\"lazy\" decoding=\"async\" class=\"aligncenter size-full wp-image-175940\" src=\"http:\/\/www.politicosdosuldabahia.com.br\/v1\/wp-content\/uploads\/2023\/08\/IMG-20230816-WA0120-e1692299734950.jpg\" alt=\"IMG-20230816-WA0120\" width=\"500\" height=\"377\" \/><\/a><\/p>\n","protected":false},"excerpt":{"rendered":"<p>Nesta semana a pol\u00edcia civil de Itapetinga prendeu tr\u00eas pessoas acusados de participarem do assassinato do comerciante e pecuarista Jo\u00e3o Martins. Foram presos a vi\u00fava Vanessa Azevedo, Beto Oliveira e o ex-vereador Ded\u00e9 Moraes(foto). Os tr\u00eas foram transferidos par o presidio de Vit\u00f3ria da Conquista. Jo\u00e3o Martins foi assassinado em maio na sua fazenda, que [&hellip;]<\/p>\n","protected":false},"author":2,"featured_media":175940,"comment_status":"open","ping_status":"closed","sticky":false,"template":"","format":"standard","meta":{"footnotes":"","_links_to":"","_links_to_target":""},"categories":[1],"tags":[],"class_list":["post-175938","post","type-post","status-publish","format-standard","has-post-thumbnail","hentry","category-geral"],"views":1319,"_links":{"self":[{"href":"https:\/\/www.politicosdosuldabahia.com.br\/v1\/wp-json\/wp\/v2\/posts\/175938"}],"collection":[{"href":"https:\/\/www.politicosdosuldabahia.com.br\/v1\/wp-json\/wp\/v2\/posts"}],"about":[{"href":"https:\/\/www.politicosdosuldabahia.com.br\/v1\/wp-json\/wp\/v2\/types\/post"}],"author":[{"embeddable":true,"href":"https:\/\/www.politicosdosuldabahia.com.br\/v1\/wp-json\/wp\/v2\/users\/2"}],"replies":[{"embeddable":true,"href":"https:\/\/www.politicosdosuldabahia.com.br\/v1\/wp-json\/wp\/v2\/comments?post=175938"}],"version-history":[{"count":2,"href":"https:\/\/www.politicosdosuldabahia.com.br\/v1\/wp-json\/wp\/v2\/posts\/175938\/revisions"}],"predecessor-version":[{"id":175942,"href":"https:\/\/www.politicosdosuldabahia.com.br\/v1\/wp-json\/wp\/v2\/posts\/175938\/revisions\/175942"}],"wp:featuredmedia":[{"embeddable":true,"href":"https:\/\/www.politicosdosuldabahia.com.br\/v1\/wp-json\/wp\/v2\/media\/175940"}],"wp:attachment":[{"href":"https:\/\/www.politicosdosuldabahia.com.br\/v1\/wp-json\/wp\/v2\/media?parent=175938"}],"wp:term":[{"taxonomy":"category","embeddable":true,"href":"https:\/\/www.politicosdosuldabahia.com.br\/v1\/wp-json\/wp\/v2\/categories?post=175938"},{"taxonomy":"post_tag","embeddable":true,"href":"https:\/\/www.politicosdosuldabahia.com.br\/v1\/wp-json\/wp\/v2\/tags?post=175938"}],"curies":[{"name":"wp","href":"https:\/\/api.w.org\/{rel}","templated":true}]}}