
{"id":175766,"date":"2023-08-14T11:23:45","date_gmt":"2023-08-14T14:23:45","guid":{"rendered":"http:\/\/www.politicosdosuldabahia.com.br\/v1\/?p=175766"},"modified":"2023-08-14T11:23:45","modified_gmt":"2023-08-14T14:23:45","slug":"pf-prende-mulher-que-transportava-mais-de-3kg-de-cocaina-no-aeroporto-de-salvador","status":"publish","type":"post","link":"https:\/\/www.politicosdosuldabahia.com.br\/v1\/2023\/08\/14\/pf-prende-mulher-que-transportava-mais-de-3kg-de-cocaina-no-aeroporto-de-salvador\/","title":{"rendered":"PF PRENDE MULHER QUE TRANSPORTAVA MAIS DE 3KG DE COCA\u00cdNA NO AEROPORTO DE SALVADOR"},"content":{"rendered":"<h3 style=\"text-align: justify\"><img loading=\"lazy\" decoding=\"async\" class=\"wp-image-175767 aligncenter\" src=\"http:\/\/www.politicosdosuldabahia.com.br\/v1\/wp-content\/uploads\/2023\/08\/WhatsApp-Image-2023-08-12-at-11.33.12.jpeg\" alt=\"WhatsApp Image 2023-08-12 at 11.33.12\" width=\"341\" height=\"455\" srcset=\"https:\/\/www.politicosdosuldabahia.com.br\/v1\/wp-content\/uploads\/2023\/08\/WhatsApp-Image-2023-08-12-at-11.33.12.jpeg 768w, https:\/\/www.politicosdosuldabahia.com.br\/v1\/wp-content\/uploads\/2023\/08\/WhatsApp-Image-2023-08-12-at-11.33.12-225x300.jpeg 225w\" sizes=\"(max-width: 341px) 100vw, 341px\" \/><\/h3>\n<h3 style=\"text-align: justify\">A Pol\u00edcia Federal apreendeu, na noite de sexta-feira (11), mais de tr\u00eas quilos de coca\u00edna escondidos na mala de uma passageira que embarcaria para Portugal.<\/h3>\n<h3 style=\"text-align: justify\">A coca\u00edna foi localizada durante a inspe\u00e7\u00e3o de rotina da Pol\u00edcia Federal no Aeroporto Internacional Lu\u00eds Eduardo Magalh\u00e3es, em Salvador\/BA.<\/h3>\n<h3 style=\"text-align: justify\">Al\u00e9m do entorpecente foram apreendidos celular e dinheiro.<\/h3>\n<h3 style=\"text-align: justify\">A passageira respons\u00e1vel pela bagagem foi presa em flagrante por tr\u00e1fico internacional de drogas. A conduzida tem 20 anos e reside em S\u00e3o Paulo.<\/h3>\n<h3 style=\"text-align: justify\">A Pol\u00edcia Federal continuar\u00e1 investigando com o objetivo de identificar outros envolvidos no transporte il\u00edcito e a quem se destinava a droga.<\/h3>\n","protected":false},"excerpt":{"rendered":"<p>A Pol\u00edcia Federal apreendeu, na noite de sexta-feira (11), mais de tr\u00eas quilos de coca\u00edna escondidos na mala de uma passageira que embarcaria para Portugal. A coca\u00edna foi localizada durante a inspe\u00e7\u00e3o de rotina da Pol\u00edcia Federal no Aeroporto Internacional Lu\u00eds Eduardo Magalh\u00e3es, em Salvador\/BA. Al\u00e9m do entorpecente foram apreendidos celular e dinheiro. A passageira [&hellip;]<\/p>\n","protected":false},"author":992,"featured_media":175767,"comment_status":"open","ping_status":"closed","sticky":false,"template":"","format":"standard","meta":{"footnotes":"","_links_to":"","_links_to_target":""},"categories":[14],"tags":[],"class_list":["post-175766","post","type-post","status-publish","format-standard","has-post-thumbnail","hentry","category-bahia-geral"],"views":478,"_links":{"self":[{"href":"https:\/\/www.politicosdosuldabahia.com.br\/v1\/wp-json\/wp\/v2\/posts\/175766"}],"collection":[{"href":"https:\/\/www.politicosdosuldabahia.com.br\/v1\/wp-json\/wp\/v2\/posts"}],"about":[{"href":"https:\/\/www.politicosdosuldabahia.com.br\/v1\/wp-json\/wp\/v2\/types\/post"}],"author":[{"embeddable":true,"href":"https:\/\/www.politicosdosuldabahia.com.br\/v1\/wp-json\/wp\/v2\/users\/992"}],"replies":[{"embeddable":true,"href":"https:\/\/www.politicosdosuldabahia.com.br\/v1\/wp-json\/wp\/v2\/comments?post=175766"}],"version-history":[{"count":1,"href":"https:\/\/www.politicosdosuldabahia.com.br\/v1\/wp-json\/wp\/v2\/posts\/175766\/revisions"}],"predecessor-version":[{"id":175768,"href":"https:\/\/www.politicosdosuldabahia.com.br\/v1\/wp-json\/wp\/v2\/posts\/175766\/revisions\/175768"}],"wp:featuredmedia":[{"embeddable":true,"href":"https:\/\/www.politicosdosuldabahia.com.br\/v1\/wp-json\/wp\/v2\/media\/175767"}],"wp:attachment":[{"href":"https:\/\/www.politicosdosuldabahia.com.br\/v1\/wp-json\/wp\/v2\/media?parent=175766"}],"wp:term":[{"taxonomy":"category","embeddable":true,"href":"https:\/\/www.politicosdosuldabahia.com.br\/v1\/wp-json\/wp\/v2\/categories?post=175766"},{"taxonomy":"post_tag","embeddable":true,"href":"https:\/\/www.politicosdosuldabahia.com.br\/v1\/wp-json\/wp\/v2\/tags?post=175766"}],"curies":[{"name":"wp","href":"https:\/\/api.w.org\/{rel}","templated":true}]}}