
{"id":175717,"date":"2023-08-11T11:30:13","date_gmt":"2023-08-11T14:30:13","guid":{"rendered":"http:\/\/www.politicosdosuldabahia.com.br\/v1\/?p=175717"},"modified":"2023-08-11T11:30:13","modified_gmt":"2023-08-11T14:30:13","slug":"teixeira-de-freitas-prefeitura-desmente-envolvimento-em-demolicao-de-casas-do-vila-sao-joao","status":"publish","type":"post","link":"https:\/\/www.politicosdosuldabahia.com.br\/v1\/2023\/08\/11\/teixeira-de-freitas-prefeitura-desmente-envolvimento-em-demolicao-de-casas-do-vila-sao-joao\/","title":{"rendered":"TEIXEIRA DE FREITAS: PREFEITURA DESMENTE ENVOLVIMENTO EM DEMOLI\u00c7\u00c3O DE CASAS DO VILA S\u00c3O JO\u00c3O"},"content":{"rendered":"<h3 style=\"text-align: justify\"><img loading=\"lazy\" decoding=\"async\" class=\"wp-image-175718 aligncenter\" src=\"http:\/\/www.politicosdosuldabahia.com.br\/v1\/wp-content\/uploads\/2023\/08\/mqdefault.jpg\" alt=\"mqdefault\" width=\"455\" height=\"256\" srcset=\"https:\/\/www.politicosdosuldabahia.com.br\/v1\/wp-content\/uploads\/2023\/08\/mqdefault.jpg 320w, https:\/\/www.politicosdosuldabahia.com.br\/v1\/wp-content\/uploads\/2023\/08\/mqdefault-300x169.jpg 300w\" sizes=\"(max-width: 455px) 100vw, 455px\" \/><\/h3>\n<h3 style=\"text-align: justify\">A Prefeitura Municipal de Teixeira de Freitas informa que n\u00e3o far\u00e1 nenhuma a\u00e7\u00e3o de demoli\u00e7\u00e3o das casas do Vila S\u00e3o Jo\u00e3o. A Prefeitura n\u00e3o tem responsabilidade de atuar neste sentido em \u00e1rea particular. Trata-se de a\u00e7\u00e3o judicial de reintegra\u00e7\u00e3o de posse envolvendo o propriet\u00e1rio dos terrenos.<\/h3>\n<h3 style=\"text-align: justify\">O valor estimado pelo propriet\u00e1rio \u00e9 de R$10 milh\u00f5es de reais e j\u00e1 houve uma garantia do Governo do Estado \u2013 do ex-governador Rui Costa e atual Ministro da Casa Civil \u2013\u00a0 durante visita \u00e0 Teixeira de Freitas em rela\u00e7\u00e3o ao assunto, garantindo que faria o procedimento legal para a compra da \u00e1rea. Existem tamb\u00e9m not\u00edcias de comercializa\u00e7\u00e3o de terrenos e vendas de lote, o que distoa ao interesse p\u00fablico em adquirir a \u00e1rea.<\/h3>\n<h3 style=\"text-align: justify\">A Prefeitura Municipal de Teixeira de Freitas lamenta pela situa\u00e7\u00e3o e se coloca \u00e0 disposi\u00e7\u00e3o das fam\u00edlias em rela\u00e7\u00e3o aos servi\u00e7os municipais dispon\u00edveis de Habita\u00e7\u00e3o e Assist\u00eancia Social.<\/h3>\n","protected":false},"excerpt":{"rendered":"<p>A Prefeitura Municipal de Teixeira de Freitas informa que n\u00e3o far\u00e1 nenhuma a\u00e7\u00e3o de demoli\u00e7\u00e3o das casas do Vila S\u00e3o Jo\u00e3o. A Prefeitura n\u00e3o tem responsabilidade de atuar neste sentido em \u00e1rea particular. Trata-se de a\u00e7\u00e3o judicial de reintegra\u00e7\u00e3o de posse envolvendo o propriet\u00e1rio dos terrenos. O valor estimado pelo propriet\u00e1rio \u00e9 de R$10 milh\u00f5es [&hellip;]<\/p>\n","protected":false},"author":992,"featured_media":175718,"comment_status":"open","ping_status":"closed","sticky":false,"template":"","format":"standard","meta":{"footnotes":"","_links_to":"","_links_to_target":""},"categories":[14,3],"tags":[],"class_list":["post-175717","post","type-post","status-publish","format-standard","has-post-thumbnail","hentry","category-bahia-geral","category-cidades"],"views":461,"_links":{"self":[{"href":"https:\/\/www.politicosdosuldabahia.com.br\/v1\/wp-json\/wp\/v2\/posts\/175717"}],"collection":[{"href":"https:\/\/www.politicosdosuldabahia.com.br\/v1\/wp-json\/wp\/v2\/posts"}],"about":[{"href":"https:\/\/www.politicosdosuldabahia.com.br\/v1\/wp-json\/wp\/v2\/types\/post"}],"author":[{"embeddable":true,"href":"https:\/\/www.politicosdosuldabahia.com.br\/v1\/wp-json\/wp\/v2\/users\/992"}],"replies":[{"embeddable":true,"href":"https:\/\/www.politicosdosuldabahia.com.br\/v1\/wp-json\/wp\/v2\/comments?post=175717"}],"version-history":[{"count":1,"href":"https:\/\/www.politicosdosuldabahia.com.br\/v1\/wp-json\/wp\/v2\/posts\/175717\/revisions"}],"predecessor-version":[{"id":175719,"href":"https:\/\/www.politicosdosuldabahia.com.br\/v1\/wp-json\/wp\/v2\/posts\/175717\/revisions\/175719"}],"wp:featuredmedia":[{"embeddable":true,"href":"https:\/\/www.politicosdosuldabahia.com.br\/v1\/wp-json\/wp\/v2\/media\/175718"}],"wp:attachment":[{"href":"https:\/\/www.politicosdosuldabahia.com.br\/v1\/wp-json\/wp\/v2\/media?parent=175717"}],"wp:term":[{"taxonomy":"category","embeddable":true,"href":"https:\/\/www.politicosdosuldabahia.com.br\/v1\/wp-json\/wp\/v2\/categories?post=175717"},{"taxonomy":"post_tag","embeddable":true,"href":"https:\/\/www.politicosdosuldabahia.com.br\/v1\/wp-json\/wp\/v2\/tags?post=175717"}],"curies":[{"name":"wp","href":"https:\/\/api.w.org\/{rel}","templated":true}]}}