
{"id":175320,"date":"2023-07-27T19:23:31","date_gmt":"2023-07-27T22:23:31","guid":{"rendered":"http:\/\/www.politicosdosuldabahia.com.br\/v1\/?p=175320"},"modified":"2023-07-27T20:30:31","modified_gmt":"2023-07-27T23:30:31","slug":"ilheus-mau-tempo-faz-aviao-com-vice-governador-arremeter","status":"publish","type":"post","link":"https:\/\/www.politicosdosuldabahia.com.br\/v1\/2023\/07\/27\/ilheus-mau-tempo-faz-aviao-com-vice-governador-arremeter\/","title":{"rendered":"ILH\u00c9US: MAU TEMPO FAZ AVI\u00c3O COM VICE GOVERNADOR ARREMETER"},"content":{"rendered":"<h3 style=\"text-align: justify\"><img loading=\"lazy\" decoding=\"async\" class=\"wp-image-175326 aligncenter\" src=\"http:\/\/www.politicosdosuldabahia.com.br\/v1\/wp-content\/uploads\/2023\/07\/WhatsApp-Image-2023-07-27-at-19.44.57.jpeg\" alt=\"WhatsApp Image 2023-07-27 at 19.44.57\" width=\"455\" height=\"341\" srcset=\"https:\/\/www.politicosdosuldabahia.com.br\/v1\/wp-content\/uploads\/2023\/07\/WhatsApp-Image-2023-07-27-at-19.44.57.jpeg 1280w, https:\/\/www.politicosdosuldabahia.com.br\/v1\/wp-content\/uploads\/2023\/07\/WhatsApp-Image-2023-07-27-at-19.44.57-300x225.jpeg 300w, https:\/\/www.politicosdosuldabahia.com.br\/v1\/wp-content\/uploads\/2023\/07\/WhatsApp-Image-2023-07-27-at-19.44.57-768x576.jpeg 768w, https:\/\/www.politicosdosuldabahia.com.br\/v1\/wp-content\/uploads\/2023\/07\/WhatsApp-Image-2023-07-27-at-19.44.57-1024x768.jpeg 1024w, https:\/\/www.politicosdosuldabahia.com.br\/v1\/wp-content\/uploads\/2023\/07\/WhatsApp-Image-2023-07-27-at-19.44.57-400x300.jpeg 400w\" sizes=\"(max-width: 455px) 100vw, 455px\" \/><\/h3>\n<h3 style=\"text-align: justify\">Nesta quinta-feira (27), o avi\u00e3o que estava o vice-governador Geraldo Jr. (MDB), n\u00e3o conseguiu pousar no aeroporto de Ilh\u00e9us.<\/h3>\n<h3 style=\"text-align: justify\">Geraldo Jr.\u00a0estava viajando para cumprir agenda em Itabuna. Mas, por conta do mau tempo o avi\u00e3o teve que arremeter e n\u00e3o conseguiu pousar.<\/h3>\n<h3 style=\"text-align: justify\">A expectativa \u00e9 que ele chegue a Itabuna nesta sexta-feira, junto com o governador Jer\u00f4nimo.<\/h3>\n","protected":false},"excerpt":{"rendered":"<p>Nesta quinta-feira (27), o avi\u00e3o que estava o vice-governador Geraldo Jr. (MDB), n\u00e3o conseguiu pousar no aeroporto de Ilh\u00e9us. Geraldo Jr.\u00a0estava viajando para cumprir agenda em Itabuna. Mas, por conta do mau tempo o avi\u00e3o teve que arremeter e n\u00e3o conseguiu pousar. A expectativa \u00e9 que ele chegue a Itabuna nesta sexta-feira, junto com o [&hellip;]<\/p>\n","protected":false},"author":992,"featured_media":175326,"comment_status":"open","ping_status":"closed","sticky":false,"template":"","format":"standard","meta":{"footnotes":"","_links_to":"","_links_to_target":""},"categories":[14,4],"tags":[],"class_list":["post-175320","post","type-post","status-publish","format-standard","has-post-thumbnail","hentry","category-bahia-geral","category-politica"],"views":900,"_links":{"self":[{"href":"https:\/\/www.politicosdosuldabahia.com.br\/v1\/wp-json\/wp\/v2\/posts\/175320"}],"collection":[{"href":"https:\/\/www.politicosdosuldabahia.com.br\/v1\/wp-json\/wp\/v2\/posts"}],"about":[{"href":"https:\/\/www.politicosdosuldabahia.com.br\/v1\/wp-json\/wp\/v2\/types\/post"}],"author":[{"embeddable":true,"href":"https:\/\/www.politicosdosuldabahia.com.br\/v1\/wp-json\/wp\/v2\/users\/992"}],"replies":[{"embeddable":true,"href":"https:\/\/www.politicosdosuldabahia.com.br\/v1\/wp-json\/wp\/v2\/comments?post=175320"}],"version-history":[{"count":2,"href":"https:\/\/www.politicosdosuldabahia.com.br\/v1\/wp-json\/wp\/v2\/posts\/175320\/revisions"}],"predecessor-version":[{"id":175327,"href":"https:\/\/www.politicosdosuldabahia.com.br\/v1\/wp-json\/wp\/v2\/posts\/175320\/revisions\/175327"}],"wp:featuredmedia":[{"embeddable":true,"href":"https:\/\/www.politicosdosuldabahia.com.br\/v1\/wp-json\/wp\/v2\/media\/175326"}],"wp:attachment":[{"href":"https:\/\/www.politicosdosuldabahia.com.br\/v1\/wp-json\/wp\/v2\/media?parent=175320"}],"wp:term":[{"taxonomy":"category","embeddable":true,"href":"https:\/\/www.politicosdosuldabahia.com.br\/v1\/wp-json\/wp\/v2\/categories?post=175320"},{"taxonomy":"post_tag","embeddable":true,"href":"https:\/\/www.politicosdosuldabahia.com.br\/v1\/wp-json\/wp\/v2\/tags?post=175320"}],"curies":[{"name":"wp","href":"https:\/\/api.w.org\/{rel}","templated":true}]}}