
{"id":174680,"date":"2023-07-06T13:25:03","date_gmt":"2023-07-06T16:25:03","guid":{"rendered":"http:\/\/www.politicosdosuldabahia.com.br\/v1\/?p=174680"},"modified":"2023-07-06T13:25:03","modified_gmt":"2023-07-06T16:25:03","slug":"premio-jovem-brasileiro-tera-representante-da-bahia-o-sul-da-bahia-tambem-existe-diz-igor-cartie","status":"publish","type":"post","link":"https:\/\/www.politicosdosuldabahia.com.br\/v1\/2023\/07\/06\/premio-jovem-brasileiro-tera-representante-da-bahia-o-sul-da-bahia-tambem-existe-diz-igor-cartie\/","title":{"rendered":"PR\u00caMIO JOVEM BRASILEIRO TER\u00c1 REPRESENTANTE DA BAHIA: &#8220;O SUL DA BAHIA TAMB\u00c9M EXISTE&#8221;, DIZ IGOR CARTI\u00ca"},"content":{"rendered":"<h3 style=\"text-align: justify\"><img loading=\"lazy\" decoding=\"async\" class=\"wp-image-174681 aligncenter\" src=\"http:\/\/www.politicosdosuldabahia.com.br\/v1\/wp-content\/uploads\/2023\/07\/WhatsApp-Image-2023-07-05-at-17.23.31.jpeg\" alt=\"WhatsApp Image 2023-07-05 at 17.23.31\" width=\"406\" height=\"455\" srcset=\"https:\/\/www.politicosdosuldabahia.com.br\/v1\/wp-content\/uploads\/2023\/07\/WhatsApp-Image-2023-07-05-at-17.23.31.jpeg 1078w, https:\/\/www.politicosdosuldabahia.com.br\/v1\/wp-content\/uploads\/2023\/07\/WhatsApp-Image-2023-07-05-at-17.23.31-268x300.jpeg 268w, https:\/\/www.politicosdosuldabahia.com.br\/v1\/wp-content\/uploads\/2023\/07\/WhatsApp-Image-2023-07-05-at-17.23.31-768x861.jpeg 768w, https:\/\/www.politicosdosuldabahia.com.br\/v1\/wp-content\/uploads\/2023\/07\/WhatsApp-Image-2023-07-05-at-17.23.31-914x1024.jpeg 914w\" sizes=\"(max-width: 406px) 100vw, 406px\" \/><\/h3>\n<h3 style=\"text-align: justify\">Aos 27 anos, o jornalista e Igor Carti\u00ea possui grande papel ao lado de outros jovens cerca de 17, que representam como embaixadores o Pr\u00eamio Jovem Brasileiro (PJB) \u2013 premia\u00e7\u00e3o brasileira criada em 2002 para homenagear os jovens que est\u00e3o em destaque na m\u00fasica, televis\u00e3o, cinema, esportes, meio ambiente e internet do Brasil.<\/h3>\n<h3 style=\"text-align: justify\">Natural do interior do estado da Bahia, da cidade de Itaju\u00edpe, ele v\u00ea de perto e sabe as barreiras que precisam ser ultrapassadas para conquistar seus objetivos e espa\u00e7os. Uma delas citadas pelo pr\u00f3prio Igor \u00e9 a falta de interesse da grande m\u00eddia na regi\u00e3o: \u201cPrecisamos mudar isso, apesar da falta de refer\u00eancias oriundas daqui, temos grandes exemplos de personalidades, artistas, atores (a) que conquistaram seus espa\u00e7os em seus respectivos lugares e n\u00e3o vemos o interesse da m\u00eddia neles. O sul da Bahia tamb\u00e9m existe no mapa do Brasil\u201d, alerta!<\/h3>\n<h3 style=\"text-align: justify\">Embaixador do PJB h\u00e1 3 anos, Igor pretende usar essa oportunidade para representar os jovens da regi\u00e3o: \u201cSe eu tiver a oportunidade de ter voz sobre isso, vou usar ao nosso favor. Independente de como seja, vou fazer nossa regi\u00e3o ser valorizada outra vez. Temos cultura suficiente pra isso. A hist\u00f3ria do cacau em nossa regi\u00e3o \u00e9 linda. Somos descendentes dos povos origin\u00e1rios. O sul da Bahia faz parte da hist\u00f3ria do Brasil\u201d, complementa.<\/h3>\n<h3 style=\"text-align: justify\">\n<strong>Pr\u00eamio Jovem Brasileiro<\/strong><\/h3>\n<h3 style=\"text-align: justify\">A edi\u00e7\u00e3o 2023 vai acontecer em setembro em S\u00e3o Paulo e voc\u00ea pode indicar seu artista, ator (a), cantor (a), Influenciador (a) preferido atrav\u00e9s do Instagram. A indica\u00e7\u00e3o est\u00e1 acontecendo nos storys da premia\u00e7\u00e3o da rede social e vai at\u00e9 o dia 18 de Julho.<\/h3>\n","protected":false},"excerpt":{"rendered":"<p>Aos 27 anos, o jornalista e Igor Carti\u00ea possui grande papel ao lado de outros jovens cerca de 17, que representam como embaixadores o Pr\u00eamio Jovem Brasileiro (PJB) \u2013 premia\u00e7\u00e3o brasileira criada em 2002 para homenagear os jovens que est\u00e3o em destaque na m\u00fasica, televis\u00e3o, cinema, esportes, meio ambiente e internet do Brasil. Natural do [&hellip;]<\/p>\n","protected":false},"author":992,"featured_media":174681,"comment_status":"open","ping_status":"closed","sticky":false,"template":"","format":"standard","meta":{"footnotes":"","_links_to":"","_links_to_target":""},"categories":[14],"tags":[],"class_list":["post-174680","post","type-post","status-publish","format-standard","has-post-thumbnail","hentry","category-bahia-geral"],"views":434,"_links":{"self":[{"href":"https:\/\/www.politicosdosuldabahia.com.br\/v1\/wp-json\/wp\/v2\/posts\/174680"}],"collection":[{"href":"https:\/\/www.politicosdosuldabahia.com.br\/v1\/wp-json\/wp\/v2\/posts"}],"about":[{"href":"https:\/\/www.politicosdosuldabahia.com.br\/v1\/wp-json\/wp\/v2\/types\/post"}],"author":[{"embeddable":true,"href":"https:\/\/www.politicosdosuldabahia.com.br\/v1\/wp-json\/wp\/v2\/users\/992"}],"replies":[{"embeddable":true,"href":"https:\/\/www.politicosdosuldabahia.com.br\/v1\/wp-json\/wp\/v2\/comments?post=174680"}],"version-history":[{"count":1,"href":"https:\/\/www.politicosdosuldabahia.com.br\/v1\/wp-json\/wp\/v2\/posts\/174680\/revisions"}],"predecessor-version":[{"id":174682,"href":"https:\/\/www.politicosdosuldabahia.com.br\/v1\/wp-json\/wp\/v2\/posts\/174680\/revisions\/174682"}],"wp:featuredmedia":[{"embeddable":true,"href":"https:\/\/www.politicosdosuldabahia.com.br\/v1\/wp-json\/wp\/v2\/media\/174681"}],"wp:attachment":[{"href":"https:\/\/www.politicosdosuldabahia.com.br\/v1\/wp-json\/wp\/v2\/media?parent=174680"}],"wp:term":[{"taxonomy":"category","embeddable":true,"href":"https:\/\/www.politicosdosuldabahia.com.br\/v1\/wp-json\/wp\/v2\/categories?post=174680"},{"taxonomy":"post_tag","embeddable":true,"href":"https:\/\/www.politicosdosuldabahia.com.br\/v1\/wp-json\/wp\/v2\/tags?post=174680"}],"curies":[{"name":"wp","href":"https:\/\/api.w.org\/{rel}","templated":true}]}}