
{"id":174410,"date":"2023-06-28T11:34:32","date_gmt":"2023-06-28T14:34:32","guid":{"rendered":"http:\/\/www.politicosdosuldabahia.com.br\/v1\/?p=174410"},"modified":"2023-06-28T11:34:32","modified_gmt":"2023-06-28T14:34:32","slug":"pedro-tavares-parabeniza-ilheus-pelo-aniversario-de-489-anos-de-fundacao","status":"publish","type":"post","link":"https:\/\/www.politicosdosuldabahia.com.br\/v1\/2023\/06\/28\/pedro-tavares-parabeniza-ilheus-pelo-aniversario-de-489-anos-de-fundacao\/","title":{"rendered":"PEDRO TAVARES PARABENIZA ILH\u00c9US PELO ANIVERS\u00c1RIO DE 489 ANOS DE FUNDA\u00c7\u00c3O"},"content":{"rendered":"<p>&nbsp;<\/p>\n<p>&nbsp;<\/p>\n<p><img loading=\"lazy\" decoding=\"async\" class=\"size-full wp-image-150649 aligncenter\" src=\"http:\/\/www.politicosdosuldabahia.com.br\/v1\/wp-content\/uploads\/2021\/06\/Pedro-Tavares-1-e1624888088620.jpg\" alt=\"Pedro Tavares (1)\" width=\"452\" height=\"254\" \/><\/p>\n<h3 style=\"text-align: justify\">O deputado estadual Pedro Tavares (Uni\u00e3o Brasil) parabenizou a cidade de Ilh\u00e9us pela passagem dos 489 anos de funda\u00e7\u00e3o, comemorados hoje (28\/06). O parlamentar destacou a sua rela\u00e7\u00e3o de proximidade com a cidade, al\u00e9m de ter reafirmado a sua defesa de Ilh\u00e9us no poder Legislativo.<\/h3>\n<h3 style=\"text-align: justify\">\u201cEssa cidade hist\u00f3rica e de grandes belezas naturais em nosso estado tem um cap\u00edtulo especial em minha vida, pois \u00e9 onde tenho ra\u00edzes e onde passei a inf\u00e2ncia e uma parte da adolesc\u00eancia. Ilh\u00e9us \u00e9 o lugar de origem da minha fam\u00edlia, onde tenho muitos amigos. Sempre levantarei as bandeiras em prol de Ilh\u00e9us para que a cidade retorne ao seu protagonismo econ\u00f4mico\u201d, afirmou.<\/h3>\n<h3 style=\"text-align: justify\">Tavares homenageou a cidade pela import\u00e2ncia da data hist\u00f3rica e pelo que a cidade representa historicamente para o estado. \u201cIlh\u00e9us tem um potencial cultural, tur\u00edstico e econ\u00f4mico, que precisa ser mais aproveitado. Reafirmo hoje, a liga\u00e7\u00e3o afetiva com Ilh\u00e9us e a grande vontade de lutar em prol de levar melhorias \u00e0 cidade. Parab\u00e9ns, Ilh\u00e9us. Muita sa\u00fade, paz e prosperidade \u00e0 popula\u00e7\u00e3o e mais desenvolvimento \u00e0 cidade, enfatizou.<\/h3>\n","protected":false},"excerpt":{"rendered":"<p>&nbsp; &nbsp; O deputado estadual Pedro Tavares (Uni\u00e3o Brasil) parabenizou a cidade de Ilh\u00e9us pela passagem dos 489 anos de funda\u00e7\u00e3o, comemorados hoje (28\/06). O parlamentar destacou a sua rela\u00e7\u00e3o de proximidade com a cidade, al\u00e9m de ter reafirmado a sua defesa de Ilh\u00e9us no poder Legislativo. \u201cEssa cidade hist\u00f3rica e de grandes belezas naturais [&hellip;]<\/p>\n","protected":false},"author":992,"featured_media":150649,"comment_status":"open","ping_status":"closed","sticky":false,"template":"","format":"standard","meta":{"footnotes":"","_links_to":"","_links_to_target":""},"categories":[14,4],"tags":[],"class_list":["post-174410","post","type-post","status-publish","format-standard","has-post-thumbnail","hentry","category-bahia-geral","category-politica"],"views":428,"_links":{"self":[{"href":"https:\/\/www.politicosdosuldabahia.com.br\/v1\/wp-json\/wp\/v2\/posts\/174410"}],"collection":[{"href":"https:\/\/www.politicosdosuldabahia.com.br\/v1\/wp-json\/wp\/v2\/posts"}],"about":[{"href":"https:\/\/www.politicosdosuldabahia.com.br\/v1\/wp-json\/wp\/v2\/types\/post"}],"author":[{"embeddable":true,"href":"https:\/\/www.politicosdosuldabahia.com.br\/v1\/wp-json\/wp\/v2\/users\/992"}],"replies":[{"embeddable":true,"href":"https:\/\/www.politicosdosuldabahia.com.br\/v1\/wp-json\/wp\/v2\/comments?post=174410"}],"version-history":[{"count":1,"href":"https:\/\/www.politicosdosuldabahia.com.br\/v1\/wp-json\/wp\/v2\/posts\/174410\/revisions"}],"predecessor-version":[{"id":174411,"href":"https:\/\/www.politicosdosuldabahia.com.br\/v1\/wp-json\/wp\/v2\/posts\/174410\/revisions\/174411"}],"wp:featuredmedia":[{"embeddable":true,"href":"https:\/\/www.politicosdosuldabahia.com.br\/v1\/wp-json\/wp\/v2\/media\/150649"}],"wp:attachment":[{"href":"https:\/\/www.politicosdosuldabahia.com.br\/v1\/wp-json\/wp\/v2\/media?parent=174410"}],"wp:term":[{"taxonomy":"category","embeddable":true,"href":"https:\/\/www.politicosdosuldabahia.com.br\/v1\/wp-json\/wp\/v2\/categories?post=174410"},{"taxonomy":"post_tag","embeddable":true,"href":"https:\/\/www.politicosdosuldabahia.com.br\/v1\/wp-json\/wp\/v2\/tags?post=174410"}],"curies":[{"name":"wp","href":"https:\/\/api.w.org\/{rel}","templated":true}]}}