
{"id":174017,"date":"2023-06-15T11:56:19","date_gmt":"2023-06-15T14:56:19","guid":{"rendered":"http:\/\/www.politicosdosuldabahia.com.br\/v1\/?p=174017"},"modified":"2023-06-15T11:56:19","modified_gmt":"2023-06-15T14:56:19","slug":"projeto-de-pedro-tavares-que-proibe-cobranca-de-taxas-para-emitir-diploma-e-outros-documentos-e-aprovado-por-comissao-na-alba","status":"publish","type":"post","link":"https:\/\/www.politicosdosuldabahia.com.br\/v1\/2023\/06\/15\/projeto-de-pedro-tavares-que-proibe-cobranca-de-taxas-para-emitir-diploma-e-outros-documentos-e-aprovado-por-comissao-na-alba\/","title":{"rendered":"PROJETO DE PEDRO TAVARES QUE PRO\u00cdBE COBRAN\u00c7A DE TAXAS PARA EMITIR DIPLOMA E OUTROS DOCUMENTOS \u00c9 APROVADO POR COMISS\u00c3O NA ALBA"},"content":{"rendered":"<h3 style=\"text-align: justify\"><img loading=\"lazy\" decoding=\"async\" class=\"wp-image-174018 aligncenter\" src=\"http:\/\/www.politicosdosuldabahia.com.br\/v1\/wp-content\/uploads\/2023\/06\/WhatsApp-Image-2023-06-15-at-11.54.17.jpeg\" alt=\"WhatsApp Image 2023-06-15 at 11.54.17\" width=\"455\" height=\"256\" srcset=\"https:\/\/www.politicosdosuldabahia.com.br\/v1\/wp-content\/uploads\/2023\/06\/WhatsApp-Image-2023-06-15-at-11.54.17.jpeg 951w, https:\/\/www.politicosdosuldabahia.com.br\/v1\/wp-content\/uploads\/2023\/06\/WhatsApp-Image-2023-06-15-at-11.54.17-300x169.jpeg 300w, https:\/\/www.politicosdosuldabahia.com.br\/v1\/wp-content\/uploads\/2023\/06\/WhatsApp-Image-2023-06-15-at-11.54.17-768x432.jpeg 768w\" sizes=\"(max-width: 455px) 100vw, 455px\" \/><br \/>\nA Comiss\u00e3o de Defesa do Consumidor e Rela\u00e7\u00f5es de Trabalho da Assembleia Legislativa da Bahia (Alba) aprovou ontem (14\/06), o projeto de lei 21.835\/16, do deputado estadual Pedro Tavares (Uni\u00e3o Brasil), que pro\u00edbe a cobran\u00e7a pelas institui\u00e7\u00f5es de ensino da Bahia, de taxas de emiss\u00e3o de registro de diplomas e outros documentos acad\u00eamicos e escolares.<\/h3>\n<h3 style=\"text-align: justify\">\nA proposi\u00e7\u00e3o determina que seja proibido o recolhimento de taxas na primeira emiss\u00e3o de documenta\u00e7\u00e3o comprobat\u00f3ria do curso de n\u00edvel fundamental, m\u00e9dio e superior, bem como da primeira via de documentos que comprovem atividades acad\u00eamicas. Est\u00e3o inseridos no projeto os diplomas, certificados, hist\u00f3ricos escolares, certid\u00f5es e declara\u00e7\u00f5es acad\u00eamicas e escolares em geral, como os que atestam programas de curso, hor\u00e1rios e turnos de aulas, est\u00e1gio, planos de ensino, etc. As institui\u00e7\u00f5es educacionais que n\u00e3o cumprirem sofrer\u00e3o penalidades, com o pagamento de multas.<\/h3>\n<h3 style=\"text-align: justify\">\n\u201cFoi um grande avan\u00e7o a aprova\u00e7\u00e3o do projeto de lei por essa Comiss\u00e3o de Defesa do Consumidor, hoje. Esperamos que seja tramitado de forma c\u00e9lere nas outras Comiss\u00f5es e que logo seja aprovado em plen\u00e1rio para que se acabe com as cobran\u00e7as abusivas aos estudantes, nas institui\u00e7\u00f5es de ensino da Bahia\u201d, afirmou.<\/h3>\n","protected":false},"excerpt":{"rendered":"<p>A Comiss\u00e3o de Defesa do Consumidor e Rela\u00e7\u00f5es de Trabalho da Assembleia Legislativa da Bahia (Alba) aprovou ontem (14\/06), o projeto de lei 21.835\/16, do deputado estadual Pedro Tavares (Uni\u00e3o Brasil), que pro\u00edbe a cobran\u00e7a pelas institui\u00e7\u00f5es de ensino da Bahia, de taxas de emiss\u00e3o de registro de diplomas e outros documentos acad\u00eamicos e escolares. [&hellip;]<\/p>\n","protected":false},"author":992,"featured_media":174018,"comment_status":"open","ping_status":"closed","sticky":false,"template":"","format":"standard","meta":{"footnotes":"","_links_to":"","_links_to_target":""},"categories":[14,4],"tags":[],"class_list":["post-174017","post","type-post","status-publish","format-standard","has-post-thumbnail","hentry","category-bahia-geral","category-politica"],"views":417,"_links":{"self":[{"href":"https:\/\/www.politicosdosuldabahia.com.br\/v1\/wp-json\/wp\/v2\/posts\/174017"}],"collection":[{"href":"https:\/\/www.politicosdosuldabahia.com.br\/v1\/wp-json\/wp\/v2\/posts"}],"about":[{"href":"https:\/\/www.politicosdosuldabahia.com.br\/v1\/wp-json\/wp\/v2\/types\/post"}],"author":[{"embeddable":true,"href":"https:\/\/www.politicosdosuldabahia.com.br\/v1\/wp-json\/wp\/v2\/users\/992"}],"replies":[{"embeddable":true,"href":"https:\/\/www.politicosdosuldabahia.com.br\/v1\/wp-json\/wp\/v2\/comments?post=174017"}],"version-history":[{"count":1,"href":"https:\/\/www.politicosdosuldabahia.com.br\/v1\/wp-json\/wp\/v2\/posts\/174017\/revisions"}],"predecessor-version":[{"id":174019,"href":"https:\/\/www.politicosdosuldabahia.com.br\/v1\/wp-json\/wp\/v2\/posts\/174017\/revisions\/174019"}],"wp:featuredmedia":[{"embeddable":true,"href":"https:\/\/www.politicosdosuldabahia.com.br\/v1\/wp-json\/wp\/v2\/media\/174018"}],"wp:attachment":[{"href":"https:\/\/www.politicosdosuldabahia.com.br\/v1\/wp-json\/wp\/v2\/media?parent=174017"}],"wp:term":[{"taxonomy":"category","embeddable":true,"href":"https:\/\/www.politicosdosuldabahia.com.br\/v1\/wp-json\/wp\/v2\/categories?post=174017"},{"taxonomy":"post_tag","embeddable":true,"href":"https:\/\/www.politicosdosuldabahia.com.br\/v1\/wp-json\/wp\/v2\/tags?post=174017"}],"curies":[{"name":"wp","href":"https:\/\/api.w.org\/{rel}","templated":true}]}}