
{"id":173569,"date":"2023-05-31T17:33:37","date_gmt":"2023-05-31T20:33:37","guid":{"rendered":"http:\/\/www.politicosdosuldabahia.com.br\/v1\/?p=173569"},"modified":"2023-05-31T17:33:37","modified_gmt":"2023-05-31T20:33:37","slug":"estabelece-um-novo-momento-de-paz-e-seguranca-juridica-no-campo-diz-sandro-regis-apos-aprovacao-do-marco-temporal","status":"publish","type":"post","link":"https:\/\/www.politicosdosuldabahia.com.br\/v1\/2023\/05\/31\/estabelece-um-novo-momento-de-paz-e-seguranca-juridica-no-campo-diz-sandro-regis-apos-aprovacao-do-marco-temporal\/","title":{"rendered":"ESTABELECE UM NOVO MOMENTO DE PAZ E SEGURAN\u00c7A JUR\u00cdDICA NO CAMPO, DIZ SANDRO R\u00c9GIS AP\u00d3S APROVA\u00c7\u00c3O DO MARCO TEMPORAL"},"content":{"rendered":"<p>&nbsp;<\/p>\n<p><img loading=\"lazy\" decoding=\"async\" class=\"wp-image-173570 aligncenter\" src=\"http:\/\/www.politicosdosuldabahia.com.br\/v1\/wp-content\/uploads\/2023\/05\/WhatsApp-Image-2023-05-31-at-16.29.19.jpeg\" alt=\"WhatsApp Image 2023-05-31 at 16.29.19\" width=\"455\" height=\"287\" srcset=\"https:\/\/www.politicosdosuldabahia.com.br\/v1\/wp-content\/uploads\/2023\/05\/WhatsApp-Image-2023-05-31-at-16.29.19.jpeg 698w, https:\/\/www.politicosdosuldabahia.com.br\/v1\/wp-content\/uploads\/2023\/05\/WhatsApp-Image-2023-05-31-at-16.29.19-300x189.jpeg 300w\" sizes=\"(max-width: 455px) 100vw, 455px\" \/><\/p>\n<h3 style=\"text-align: justify\">A aprova\u00e7\u00e3o do Marco Temporal pela C\u00e2mara dos Deputados nesta ter\u00e7a-feira (30) representa um avan\u00e7o importante na legisla\u00e7\u00e3o para garantir a paz e a seguran\u00e7a jur\u00eddica no campo. Afirma\u00e7\u00e3o \u00e9 do deputado estadual Sandro R\u00e9gis (Uni\u00e3o Brasil) ao comemorar aprova\u00e7\u00e3o do Projeto de Lei 490\/07, que teve relatoria do deputado baiano Arthur Maia (Uni\u00e3o Brasil).<\/h3>\n<h3 style=\"text-align: justify\">O texto fixou os termos para a demarca\u00e7\u00e3o de terras ind\u00edgenas, prevendo que, para serem consideradas terras ocupadas tradicionalmente, dever\u00e1 ser comprovado objetivamente que elas, na data de promulga\u00e7\u00e3o da Constitui\u00e7\u00e3o (5 de outubro de 1988), eram ao mesmo tempo habitadas em car\u00e1ter permanente, usadas para atividades produtivas e necess\u00e1rias \u00e0 preserva\u00e7\u00e3o dos recursos ambientais e \u00e0 reproduc\u0327a\u0303o fi\u0301sica e cultural.<\/h3>\n<h3 style=\"text-align: justify\">O PL, contudo, n\u00e3o trata da anula\u00e7\u00e3o de terras ind\u00edgenas j\u00e1 demarcadas e homologadas.<\/h3>\n<h3 style=\"text-align: justify\">\u201cA decis\u00e3o da C\u00e2mara estabelece um novo momento de paz e seguran\u00e7a jur\u00eddica no campo tanto para os povos origin\u00e1rios como para o produtor rural, inclusive para o pequeno agricultor, que vai trabalhar e investir com mais tranquilidade\u201d, pontua Sandro R\u00e9gis.<\/h3>\n<h3 style=\"text-align: justify\">O texto aprovado na C\u00e2mara segue agora para aprova\u00e7\u00e3o no Senado Federal.<\/h3>\n<h3 style=\"text-align: justify\">\u201cO Legislativo deu uma demonstra\u00e7\u00e3o de coragem e maturidade porque teve o cuidado de garantir tamb\u00e9m que povos ind\u00edgenas ter\u00e3o sua cultura preservada, em um modelo de conv\u00edvio pac\u00edfico no campo\u201d, completa Sandro R\u00e9gis.<\/h3>\n","protected":false},"excerpt":{"rendered":"<p>&nbsp; A aprova\u00e7\u00e3o do Marco Temporal pela C\u00e2mara dos Deputados nesta ter\u00e7a-feira (30) representa um avan\u00e7o importante na legisla\u00e7\u00e3o para garantir a paz e a seguran\u00e7a jur\u00eddica no campo. Afirma\u00e7\u00e3o \u00e9 do deputado estadual Sandro R\u00e9gis (Uni\u00e3o Brasil) ao comemorar aprova\u00e7\u00e3o do Projeto de Lei 490\/07, que teve relatoria do deputado baiano Arthur Maia (Uni\u00e3o [&hellip;]<\/p>\n","protected":false},"author":992,"featured_media":173570,"comment_status":"open","ping_status":"closed","sticky":false,"template":"","format":"standard","meta":{"footnotes":"","_links_to":"","_links_to_target":""},"categories":[14,4],"tags":[],"class_list":["post-173569","post","type-post","status-publish","format-standard","has-post-thumbnail","hentry","category-bahia-geral","category-politica"],"views":459,"_links":{"self":[{"href":"https:\/\/www.politicosdosuldabahia.com.br\/v1\/wp-json\/wp\/v2\/posts\/173569"}],"collection":[{"href":"https:\/\/www.politicosdosuldabahia.com.br\/v1\/wp-json\/wp\/v2\/posts"}],"about":[{"href":"https:\/\/www.politicosdosuldabahia.com.br\/v1\/wp-json\/wp\/v2\/types\/post"}],"author":[{"embeddable":true,"href":"https:\/\/www.politicosdosuldabahia.com.br\/v1\/wp-json\/wp\/v2\/users\/992"}],"replies":[{"embeddable":true,"href":"https:\/\/www.politicosdosuldabahia.com.br\/v1\/wp-json\/wp\/v2\/comments?post=173569"}],"version-history":[{"count":1,"href":"https:\/\/www.politicosdosuldabahia.com.br\/v1\/wp-json\/wp\/v2\/posts\/173569\/revisions"}],"predecessor-version":[{"id":173571,"href":"https:\/\/www.politicosdosuldabahia.com.br\/v1\/wp-json\/wp\/v2\/posts\/173569\/revisions\/173571"}],"wp:featuredmedia":[{"embeddable":true,"href":"https:\/\/www.politicosdosuldabahia.com.br\/v1\/wp-json\/wp\/v2\/media\/173570"}],"wp:attachment":[{"href":"https:\/\/www.politicosdosuldabahia.com.br\/v1\/wp-json\/wp\/v2\/media?parent=173569"}],"wp:term":[{"taxonomy":"category","embeddable":true,"href":"https:\/\/www.politicosdosuldabahia.com.br\/v1\/wp-json\/wp\/v2\/categories?post=173569"},{"taxonomy":"post_tag","embeddable":true,"href":"https:\/\/www.politicosdosuldabahia.com.br\/v1\/wp-json\/wp\/v2\/tags?post=173569"}],"curies":[{"name":"wp","href":"https:\/\/api.w.org\/{rel}","templated":true}]}}