
{"id":173347,"date":"2023-05-25T09:28:02","date_gmt":"2023-05-25T12:28:02","guid":{"rendered":"http:\/\/www.politicosdosuldabahia.com.br\/v1\/?p=173347"},"modified":"2023-05-25T09:28:02","modified_gmt":"2023-05-25T12:28:02","slug":"costa-do-descobrimento-vai-receber-maior-investimento-aeroportuario-do-interior-da-bahia","status":"publish","type":"post","link":"https:\/\/www.politicosdosuldabahia.com.br\/v1\/2023\/05\/25\/costa-do-descobrimento-vai-receber-maior-investimento-aeroportuario-do-interior-da-bahia\/","title":{"rendered":"COSTA DO DESCOBRIMENTO VAI RECEBER MAIOR INVESTIMENTO AEROPORTU\u00c1RIO DO INTERIOR DA BAHIA"},"content":{"rendered":"<h3 style=\"text-align: justify\"><img loading=\"lazy\" decoding=\"async\" class=\"wp-image-173348 aligncenter\" src=\"http:\/\/www.politicosdosuldabahia.com.br\/v1\/wp-content\/uploads\/2023\/05\/AeroportoInternacionalCostaDoDescobrimento04IlustracaoAcquamarina-696x392.jpg\" alt=\"AeroportoInternacionalCostaDoDescobrimento04IlustracaoAcquamarina-696x392\" width=\"455\" height=\"256\" srcset=\"https:\/\/www.politicosdosuldabahia.com.br\/v1\/wp-content\/uploads\/2023\/05\/AeroportoInternacionalCostaDoDescobrimento04IlustracaoAcquamarina-696x392.jpg 696w, https:\/\/www.politicosdosuldabahia.com.br\/v1\/wp-content\/uploads\/2023\/05\/AeroportoInternacionalCostaDoDescobrimento04IlustracaoAcquamarina-696x392-300x169.jpg 300w\" sizes=\"(max-width: 455px) 100vw, 455px\" \/><\/h3>\n<h3 style=\"text-align: justify\">Para promover o desenvolvimento das regi\u00f5es e o deslocamento de baianos e turistas, o Governo do Estado, atrav\u00e9s da Secretaria de Infraestrutura do Estado (Seinfra), realiza importantes a\u00e7\u00f5es para incentivar a avia\u00e7\u00e3o. O maior projeto atualmente \u00e9 o novo Aeroporto Internacional da Costa do Descobrimento, em Santa Cruz Cabr\u00e1lia. Al\u00e9m disso, o governo est\u00e1 investindo, este ano, mais de R$ 200 milh\u00f5es na recupera\u00e7\u00e3o de outros 24 equipamentos, com obras j\u00e1 conclu\u00eddas ou em andamento. Essas interven\u00e7\u00f5es s\u00e3o importantes, pois a Bahia \u00e9 o quinto estado brasileiro em dimens\u00e3o territorial e liga o Norte\/Nordeste ao Sul\/Sudeste e ao Centro-Oeste do pa\u00eds.<\/h3>\n<h3 style=\"text-align: justify\">Segundo o superintendente de Infraestrutura e Transportes da Seinfra, Saulo Pontes, o crescimento da \u00e1rea urbana no entorno do Aeroporto de Porto Seguro, segundo maior do estado, inviabilizou a amplia\u00e7\u00e3o e, com isso, n\u00e3o h\u00e1 capacidade de absorver a demanda de quase dois milh\u00f5es de passageiros por ano. \u201cO novo aeroporto internacional ter\u00e1 quatro vezes a capacidade do atual, chegando a oito milh\u00f5es de passageiros por ano. Assim, vai conseguir absorver a movimenta\u00e7\u00e3o a\u00e9rea do Sul, Extremo-Sul e Norte de Minas\u201d.<\/h3>\n<h3 style=\"text-align: justify\"><strong>Estrutura<\/strong><\/h3>\n<h3 style=\"text-align: justify\">A obra ser\u00e1 realizada por meio de uma Parceria P\u00fablico-Privada (PPP) entre o Governo da Bahia, atrav\u00e9s da Seinfra, e a empresa vencedora da licita\u00e7\u00e3o, cujo aviso foi publicado recentemente no Di\u00e1rio Oficial do Estado (DOE). Em uma \u00e1rea de 300 hectares, ter\u00e1 pista de pouso e decolagem de mais de 3000 m X 45 m, p\u00e1tio de estacionamento com capacidade para at\u00e9 27 avi\u00f5es, terminal de passageiros de 48 mil metros quadrados, capacidade de atender grandes aeronaves em voos nacionais e internacionais, hub regional e transporte de cargas. O investimento previsto na obra \u00e9 de aproximadamente R$ 1,5 bilh\u00e3o. \u00c9 maior investimento do Estado no setor, segundo o superintendente da Seinfra.<\/h3>\n<h3 style=\"text-align: justify\">Ap\u00f3s a licita\u00e7\u00e3o, ser\u00e1 realizado leil\u00e3o, em julho, na Bolsa de Valores (B3), em S\u00e3o Paulo, para definir a empresa respons\u00e1vel pela administra\u00e7\u00e3o do Novo Aeroporto Costa do Descobrimento pelo per\u00edodo de 30 anos. Enquanto constr\u00f3i o equipamento aeroportu\u00e1rio, a empresa tamb\u00e9m ser\u00e1 respons\u00e1vel pela adequa\u00e7\u00e3o e melhorias do atual Aeroporto de Porto Seguro. Ap\u00f3s a conclus\u00e3o da obra, a opera\u00e7\u00e3o ser\u00e1 transferida para o novo aeroporto e o antigo ser\u00e1 desativado.<\/h3>\n<h3 style=\"text-align: justify\">E n\u00e3o \u00e9 apenas o turismo no Sul da Bahia que ser\u00e1 fortalecido. O novo aeroporto ter\u00e1 potencial de facilitar a atra\u00e7\u00e3o de grandes investidores para outras regi\u00f5es. \u201cSomos o primeiro estado em minera\u00e7\u00e3o e explora\u00e7\u00e3o de min\u00e9rio do pa\u00eds e sediamos os maiores parques e\u00f3licos da regi\u00e3o Nordeste. Os grandes investidores querem ter a comodidade da log\u00edstica para acessar essas regi\u00f5es\u201d, explicou Saulo. N\u00e3o \u00e9 \u00e0 toa que o Governo do Estado est\u00e1 investindo cerca de R$ 200 milh\u00f5es na requalifica\u00e7\u00e3o de 24 dos 69 aer\u00f3dromos existentes no interior. Recentemente, foram conclu\u00eddos os de Valente, Paramirim, Caetit\u00e9 e Barra.<\/h3>\n<h3 style=\"text-align: justify\"><strong>Em obras<\/strong><\/h3>\n<h3 style=\"text-align: justify\">O aeroporto de Lu\u00eds Eduardo Magalh\u00e3es, no Oeste baiano, est\u00e1 passando por obras de requalifica\u00e7\u00e3o estrutural e de constru\u00e7\u00e3o do terminal de passageiros. As interven\u00e7\u00f5es realizadas pela Seinfra t\u00eam o objetivo de tornar o equipamento aeroportu\u00e1rio apto a operar com voos regulares de capacidade para at\u00e9 70 passageiros, al\u00e9m da avia\u00e7\u00e3o geral. Ser\u00e3o feitos servi\u00e7os de adequa\u00e7\u00e3o na pista de pouso e decolagem, com 2000 m de largura por 30 m de comprimento, no p\u00e1tio de estacionamento de aeronaves e no taxiway, que comp\u00f5em a \u00e1rea de movimento.<\/h3>\n<h3 style=\"text-align: justify\">A implanta\u00e7\u00e3o do aer\u00f3dromo de Santana, na regi\u00e3o da Bacia do Rio Corrente, est\u00e1 com 60% de execu\u00e7\u00e3o. Previsto para concluir em julho, ser\u00e1 o terceiro constru\u00eddo na regi\u00e3o, junto com Santa Maria da Vit\u00f3ria e Cocos. A recupera\u00e7\u00e3o do aer\u00f3dromo de Castro Alves, que j\u00e1 est\u00e1 com 80% de execu\u00e7\u00e3o, contribuir\u00e1 para o desenvolvimento econ\u00f4mico da regi\u00e3o do Rec\u00f4ncavo baiano.<\/h3>\n<h3 style=\"text-align: justify\">Em Ipia\u00fa, as obras do aer\u00f3dromo devem ser conclu\u00eddas ainda esse m\u00eas. Em Itapetinga, com 70% de execu\u00e7\u00e3o, devem ser finalizadas em junho, quando est\u00e1 previsto tamb\u00e9m para come\u00e7ar a interven\u00e7\u00e3o no de Marac\u00e1s. Os aer\u00f3dromos de Mucug\u00ea, Piat\u00e3 e Itua\u00e7u ir\u00e3o beneficiar o desenvolvimento do turismo e da agricultura nas regi\u00f5es da Chapada Diamantina e do Sert\u00e3o Produtivo. J\u00e1 em Itua\u00e7u, os \u00faltimos detalhes devem ser finalizados at\u00e9 o final do m\u00eas de maio. A obra em Mucug\u00ea tem previs\u00e3o de conclus\u00e3o para junho. A implanta\u00e7\u00e3o do balizamento noturno permitir\u00e1 o tr\u00e1fego de aeronaves \u00e0 noite em Ibotirama, Jequi\u00e9 e Campo Formoso, j\u00e1 a partir do pr\u00f3ximo m\u00eas.<\/h3>\n","protected":false},"excerpt":{"rendered":"<p>Para promover o desenvolvimento das regi\u00f5es e o deslocamento de baianos e turistas, o Governo do Estado, atrav\u00e9s da Secretaria de Infraestrutura do Estado (Seinfra), realiza importantes a\u00e7\u00f5es para incentivar a avia\u00e7\u00e3o. O maior projeto atualmente \u00e9 o novo Aeroporto Internacional da Costa do Descobrimento, em Santa Cruz Cabr\u00e1lia. Al\u00e9m disso, o governo est\u00e1 investindo, [&hellip;]<\/p>\n","protected":false},"author":992,"featured_media":173348,"comment_status":"open","ping_status":"closed","sticky":false,"template":"","format":"standard","meta":{"footnotes":"","_links_to":"","_links_to_target":""},"categories":[14],"tags":[],"class_list":["post-173347","post","type-post","status-publish","format-standard","has-post-thumbnail","hentry","category-bahia-geral"],"views":439,"_links":{"self":[{"href":"https:\/\/www.politicosdosuldabahia.com.br\/v1\/wp-json\/wp\/v2\/posts\/173347"}],"collection":[{"href":"https:\/\/www.politicosdosuldabahia.com.br\/v1\/wp-json\/wp\/v2\/posts"}],"about":[{"href":"https:\/\/www.politicosdosuldabahia.com.br\/v1\/wp-json\/wp\/v2\/types\/post"}],"author":[{"embeddable":true,"href":"https:\/\/www.politicosdosuldabahia.com.br\/v1\/wp-json\/wp\/v2\/users\/992"}],"replies":[{"embeddable":true,"href":"https:\/\/www.politicosdosuldabahia.com.br\/v1\/wp-json\/wp\/v2\/comments?post=173347"}],"version-history":[{"count":1,"href":"https:\/\/www.politicosdosuldabahia.com.br\/v1\/wp-json\/wp\/v2\/posts\/173347\/revisions"}],"predecessor-version":[{"id":173349,"href":"https:\/\/www.politicosdosuldabahia.com.br\/v1\/wp-json\/wp\/v2\/posts\/173347\/revisions\/173349"}],"wp:featuredmedia":[{"embeddable":true,"href":"https:\/\/www.politicosdosuldabahia.com.br\/v1\/wp-json\/wp\/v2\/media\/173348"}],"wp:attachment":[{"href":"https:\/\/www.politicosdosuldabahia.com.br\/v1\/wp-json\/wp\/v2\/media?parent=173347"}],"wp:term":[{"taxonomy":"category","embeddable":true,"href":"https:\/\/www.politicosdosuldabahia.com.br\/v1\/wp-json\/wp\/v2\/categories?post=173347"},{"taxonomy":"post_tag","embeddable":true,"href":"https:\/\/www.politicosdosuldabahia.com.br\/v1\/wp-json\/wp\/v2\/tags?post=173347"}],"curies":[{"name":"wp","href":"https:\/\/api.w.org\/{rel}","templated":true}]}}