
{"id":173209,"date":"2023-05-22T09:28:10","date_gmt":"2023-05-22T12:28:10","guid":{"rendered":"http:\/\/www.politicosdosuldabahia.com.br\/v1\/?p=173209"},"modified":"2023-05-22T09:30:20","modified_gmt":"2023-05-22T12:30:20","slug":"policia-civil-especializada-combate-ao-trafego-com-criacao-do-denarc","status":"publish","type":"post","link":"https:\/\/www.politicosdosuldabahia.com.br\/v1\/2023\/05\/22\/policia-civil-especializada-combate-ao-trafego-com-criacao-do-denarc\/","title":{"rendered":"POL\u00cdCIA CIVIL ESPECIALIZADA COMBATE AO TR\u00c1FEGO COM CRIA\u00c7\u00c3O DO DENARC"},"content":{"rendered":"<p>&nbsp;<\/p>\n<h4 style=\"text-align: center\"><strong><i>Investiga\u00e7\u00e3o e repress\u00e3o ao narcotr\u00e1fico ganham for\u00e7a na reestrutura\u00e7\u00e3o da seguran\u00e7a p\u00fablica da Bahia<\/i><\/strong><\/h4>\n<div><img loading=\"lazy\" decoding=\"async\" class=\"alignnone size-full wp-image-173210 aligncenter\" src=\"http:\/\/www.politicosdosuldabahia.com.br\/v1\/wp-content\/uploads\/2023\/05\/Foto-Ilustrativa-Pedro-Moraes-GOVBA.jpg\" alt=\"Foto Ilustrativa Pedro Moraes GOVBA\" width=\"455\" height=\"303\" srcset=\"https:\/\/www.politicosdosuldabahia.com.br\/v1\/wp-content\/uploads\/2023\/05\/Foto-Ilustrativa-Pedro-Moraes-GOVBA.jpg 455w, https:\/\/www.politicosdosuldabahia.com.br\/v1\/wp-content\/uploads\/2023\/05\/Foto-Ilustrativa-Pedro-Moraes-GOVBA-300x200.jpg 300w\" sizes=\"(max-width: 455px) 100vw, 455px\" \/><\/div>\n<h3 style=\"text-align: justify\">O combate ao tr\u00e1fico de drogas ganhou um novo refor\u00e7o: a Pol\u00edcia Civil da Bahia criou o Departamento Especializado de Investiga\u00e7\u00e3o e Repress\u00e3o ao Narcotr\u00e1fico (Denarc), que ampliar\u00e1 de maneira estrat\u00e9gica o enfrentamento ao com\u00e9rcio de entorpecentes \u2013 motiva\u00e7\u00e3o mais frequente dos homic\u00eddios no estado. A medida faz parte do conjunto de projetos de lei de moderniza\u00e7\u00e3o da seguran\u00e7a p\u00fablica enviado pelo Governo do Estado para vota\u00e7\u00e3o na Assembleia Legislativa da Bahia.<\/h3>\n<h3 style=\"text-align: justify\">O Denarc coordenar\u00e1 as atribui\u00e7\u00f5es de combate ao tr\u00e1fico, antes realizadas pelo Departamento de Repress\u00e3o e Combate ao Crime Organizado (Draco), que passar\u00e1 a se chamar Departamento de Repress\u00e3o e Combate \u00e0 Corrup\u00e7\u00e3o, ao Crime Organizado e \u00e0 Lavagem de Dinheiro \u2013 concentrando, portanto, a apura\u00e7\u00e3o das infra\u00e7\u00f5es penais ligadas a esta tem\u00e1tica. Al\u00e9m disso, o Denarc vai oferecer suporte \u00e0s delegacias territoriais da capital e do interior. A atua\u00e7\u00e3o em conjunto facilitar\u00e1 a ado\u00e7\u00e3o de t\u00e1ticas padronizadas para o enfrentamento ao tr\u00e1fico, mesmo entre unidades de departamentos diferentes.<\/h3>\n<h3 style=\"text-align: justify\">A Delegada-Geral da Pol\u00edcia Civil da Bahia, Helo\u00edsa Campos de Brito, explica algumas das mudan\u00e7as pr\u00e1ticas nas estrat\u00e9gias de conten\u00e7\u00e3o do tr\u00e1fico. &#8220;Diante da expans\u00e3o pelo Brasil dos grupos criminosos ligados ao com\u00e9rcio de drogas, a Pol\u00edcia Civil ao mesmo tempo amplia e especializa as investiga\u00e7\u00f5es e o trabalho de intelig\u00eancia para o combate a estas organiza\u00e7\u00f5es. Com o novo Denarc, o processo de coordena\u00e7\u00e3o, supervisionamento e orienta\u00e7\u00e3o das a\u00e7\u00f5es ser\u00e1 refor\u00e7ado pelas mais modernas t\u00e9cnicas e estrat\u00e9gias de repress\u00e3o qualificada ao com\u00e9rcio de entorpecentes&#8221;, afirmou.<\/h3>\n<h3 style=\"text-align: justify\">Ela acrescenta que a cria\u00e7\u00e3o de um departamento exclusivo para o combate ao narcotr\u00e1fico tornar\u00e1 ainda mais qualificado o combate \u00e0s organiza\u00e7\u00f5es criminosas por meio da conex\u00e3o e da troca de conhecimentos entre outras institui\u00e7\u00f5es policiais do Brasil e do mundo. &#8220;Esta nova estrutura dentro da Pol\u00edcia Civil proporcionar\u00e1 uma execu\u00e7\u00e3o mais efetiva do planejamento de seguran\u00e7a p\u00fablica do estado, garantindo respostas mais r\u00e1pidas e at\u00e9 mesmo a antecipa\u00e7\u00e3o de a\u00e7\u00f5es que viriam a ser deflagradas por organiza\u00e7\u00f5es criminosas, impedindo a cometimento de homic\u00eddios&#8221;, declarou.<\/h3>\n<h3 style=\"text-align: justify\">A cria\u00e7\u00e3o do Denarc e a altera\u00e7\u00e3o das atribui\u00e7\u00f5es do antigo Draco s\u00e3o apenas algumas das mudan\u00e7as na estrutura da Pol\u00edcia Civil, que contar\u00e1 tamb\u00e9m com outros novos departamentos, como o de Prote\u00e7\u00e3o \u00e0 Mulher, Cidadania e Pessoas Vulner\u00e1veis (DPM), o Especializado de Investiga\u00e7\u00f5es Criminais (Deic) e o de Gest\u00e3o de Pessoas, Sa\u00fade e Valoriza\u00e7\u00e3o Profissional da Pol\u00edcia Civil.<\/h3>\n<h3 style=\"text-align: justify\">A reestrutura\u00e7\u00e3o aproximar\u00e1 e ampliar\u00e1 ainda mais a efici\u00eancia dos servi\u00e7os prestados \u00e0 popula\u00e7\u00e3o de toda a Bahia, e vem junto com o reajuste do sal\u00e1rio e do Pr\u00eamio por Desempenho Policial, \u00a0a promo\u00e7\u00e3o concedida a 1.823 servidores da Pol\u00edcia Civil e a possibilidade de transforma\u00e7\u00e3o da licen\u00e7a-pr\u00eamio em valores a serem recebidos a t\u00edtulo de pec\u00fania a quem fizer a op\u00e7\u00e3o por essa modalidade de remunera\u00e7\u00e3o.<\/h3>\n","protected":false},"excerpt":{"rendered":"<p>&nbsp; Investiga\u00e7\u00e3o e repress\u00e3o ao narcotr\u00e1fico ganham for\u00e7a na reestrutura\u00e7\u00e3o da seguran\u00e7a p\u00fablica da Bahia O combate ao tr\u00e1fico de drogas ganhou um novo refor\u00e7o: a Pol\u00edcia Civil da Bahia criou o Departamento Especializado de Investiga\u00e7\u00e3o e Repress\u00e3o ao Narcotr\u00e1fico (Denarc), que ampliar\u00e1 de maneira estrat\u00e9gica o enfrentamento ao com\u00e9rcio de entorpecentes \u2013 motiva\u00e7\u00e3o mais [&hellip;]<\/p>\n","protected":false},"author":992,"featured_media":173210,"comment_status":"open","ping_status":"closed","sticky":false,"template":"","format":"standard","meta":{"footnotes":"","_links_to":"","_links_to_target":""},"categories":[14],"tags":[],"class_list":["post-173209","post","type-post","status-publish","format-standard","has-post-thumbnail","hentry","category-bahia-geral"],"views":412,"_links":{"self":[{"href":"https:\/\/www.politicosdosuldabahia.com.br\/v1\/wp-json\/wp\/v2\/posts\/173209"}],"collection":[{"href":"https:\/\/www.politicosdosuldabahia.com.br\/v1\/wp-json\/wp\/v2\/posts"}],"about":[{"href":"https:\/\/www.politicosdosuldabahia.com.br\/v1\/wp-json\/wp\/v2\/types\/post"}],"author":[{"embeddable":true,"href":"https:\/\/www.politicosdosuldabahia.com.br\/v1\/wp-json\/wp\/v2\/users\/992"}],"replies":[{"embeddable":true,"href":"https:\/\/www.politicosdosuldabahia.com.br\/v1\/wp-json\/wp\/v2\/comments?post=173209"}],"version-history":[{"count":2,"href":"https:\/\/www.politicosdosuldabahia.com.br\/v1\/wp-json\/wp\/v2\/posts\/173209\/revisions"}],"predecessor-version":[{"id":173213,"href":"https:\/\/www.politicosdosuldabahia.com.br\/v1\/wp-json\/wp\/v2\/posts\/173209\/revisions\/173213"}],"wp:featuredmedia":[{"embeddable":true,"href":"https:\/\/www.politicosdosuldabahia.com.br\/v1\/wp-json\/wp\/v2\/media\/173210"}],"wp:attachment":[{"href":"https:\/\/www.politicosdosuldabahia.com.br\/v1\/wp-json\/wp\/v2\/media?parent=173209"}],"wp:term":[{"taxonomy":"category","embeddable":true,"href":"https:\/\/www.politicosdosuldabahia.com.br\/v1\/wp-json\/wp\/v2\/categories?post=173209"},{"taxonomy":"post_tag","embeddable":true,"href":"https:\/\/www.politicosdosuldabahia.com.br\/v1\/wp-json\/wp\/v2\/tags?post=173209"}],"curies":[{"name":"wp","href":"https:\/\/api.w.org\/{rel}","templated":true}]}}