
{"id":173181,"date":"2023-05-19T10:50:06","date_gmt":"2023-05-19T13:50:06","guid":{"rendered":"http:\/\/www.politicosdosuldabahia.com.br\/v1\/?p=173181"},"modified":"2023-05-19T10:52:37","modified_gmt":"2023-05-19T13:52:37","slug":"irma-dulce-inclusao-da-santa-no-livro-dos-herois-e-heroinas-da-patria-e-requalificacao-da-osid-vao-alavancar-turismo-religioso-e-saude-avalia-o-deputado-rosemberg","status":"publish","type":"post","link":"https:\/\/www.politicosdosuldabahia.com.br\/v1\/2023\/05\/19\/irma-dulce-inclusao-da-santa-no-livro-dos-herois-e-heroinas-da-patria-e-requalificacao-da-osid-vao-alavancar-turismo-religioso-e-saude-avalia-o-deputado-rosemberg\/","title":{"rendered":"IRM\u00c3 DULCE: &#8216;INCLUS\u00c3O DA SANTA NO LIVRO DOS HER\u00d3IS E HERO\u00cdNAS DA P\u00c1TRIA E REQUALIFICA\u00c7\u00c3O DA OSID V\u00c3O ALAVANCAR TURISMO RELIGIOSO E SA\u00daDE&#8217;, AVALIA O DEPUTADO ROSEMBERG"},"content":{"rendered":"<h3 style=\"text-align: justify\"><img loading=\"lazy\" decoding=\"async\" class=\"wp-image-173182 aligncenter\" src=\"http:\/\/www.politicosdosuldabahia.com.br\/v1\/wp-content\/uploads\/2023\/05\/Rosemberg-Pinto-_-Irm\u00e3-Dulce.jpeg\" alt=\"Rosemberg Pinto _ Irm\u00e3 Dulce\" width=\"455\" height=\"303\" srcset=\"https:\/\/www.politicosdosuldabahia.com.br\/v1\/wp-content\/uploads\/2023\/05\/Rosemberg-Pinto-_-Irm\u00e3-Dulce.jpeg 1280w, https:\/\/www.politicosdosuldabahia.com.br\/v1\/wp-content\/uploads\/2023\/05\/Rosemberg-Pinto-_-Irm\u00e3-Dulce-300x200.jpeg 300w, https:\/\/www.politicosdosuldabahia.com.br\/v1\/wp-content\/uploads\/2023\/05\/Rosemberg-Pinto-_-Irm\u00e3-Dulce-768x511.jpeg 768w, https:\/\/www.politicosdosuldabahia.com.br\/v1\/wp-content\/uploads\/2023\/05\/Rosemberg-Pinto-_-Irm\u00e3-Dulce-1024x682.jpeg 1024w\" sizes=\"(max-width: 455px) 100vw, 455px\" \/><\/h3>\n<h3 style=\"text-align: justify\">O Governo da Bahia lan\u00e7ou, nesta quarta-feira (18), o aviso de licita\u00e7\u00e3o para contrata\u00e7\u00e3o de empresa especializada para requalifica\u00e7\u00e3o das instala\u00e7\u00f5es f\u00edsicas das Obras Sociais Irm\u00e3 Dulce (Osid), localizada em Salvador, e, no dia anterior (17) o Anjo bom da Bahia, a Santa Dulce dos Pobres (ou simplesmente irm\u00e3 Dulce) teve \u2013 via san\u00e7\u00e3o presidencial da Lei 14.584 &#8211; seu nome inclu\u00eddo no Livro dos Her\u00f3is e Hero\u00ednas da P\u00e1tria, que fica no Pante\u00e3o da P\u00e1tria e da Liberdade, em Bras\u00edlia.<\/h3>\n<h3 style=\"text-align: justify\">Para o deputado estadual e l\u00edder do Governo na Assembleia Legislativa da Bahia, Rosemberg Pinto, o reconhecimento do Governo Federal ajuda a ampliar o turismo religioso em torno da primeira Santa nascida no Brasil e, enquanto, a Bahia vai ofertar melhor infraestrutura aos pacientes e funcion\u00e1rios da Osid.<\/h3>\n<h3 style=\"text-align: justify\">\u201cS\u00e3o a\u00e7\u00f5es que se complementam, desde a valoriza\u00e7\u00e3o da imagem e do legado da Santa Dulce dos Pobres com a inclus\u00e3o do seu nome no Livro de A\u00e7o que, certamente, vai elevar o turismo religioso e doa\u00e7\u00f5es \u00e0 institui\u00e7\u00e3o, que se somam a requalifica\u00e7\u00e3o f\u00edsica &#8211; iniciativa do governador Jer\u00f4nimo -, das Obras Sociais Irm\u00e3 Dulce, essencial aos seus pacientes e colaboradores\u201d, avalia Rosemberg.<\/h3>\n<h3 style=\"text-align: justify\">A abertura dos envelopes com as propostas est\u00e1 agendada para 12 de junho, v\u00e9spera do dia de Santo Ant\u00f4nio, religioso que batiza o Hospital, considerado o cora\u00e7\u00e3o da Osid.<\/h3>\n","protected":false},"excerpt":{"rendered":"<p>O Governo da Bahia lan\u00e7ou, nesta quarta-feira (18), o aviso de licita\u00e7\u00e3o para contrata\u00e7\u00e3o de empresa especializada para requalifica\u00e7\u00e3o das instala\u00e7\u00f5es f\u00edsicas das Obras Sociais Irm\u00e3 Dulce (Osid), localizada em Salvador, e, no dia anterior (17) o Anjo bom da Bahia, a Santa Dulce dos Pobres (ou simplesmente irm\u00e3 Dulce) teve \u2013 via san\u00e7\u00e3o presidencial [&hellip;]<\/p>\n","protected":false},"author":992,"featured_media":173182,"comment_status":"open","ping_status":"closed","sticky":false,"template":"","format":"standard","meta":{"footnotes":"","_links_to":"","_links_to_target":""},"categories":[14,4],"tags":[],"class_list":["post-173181","post","type-post","status-publish","format-standard","has-post-thumbnail","hentry","category-bahia-geral","category-politica"],"views":514,"_links":{"self":[{"href":"https:\/\/www.politicosdosuldabahia.com.br\/v1\/wp-json\/wp\/v2\/posts\/173181"}],"collection":[{"href":"https:\/\/www.politicosdosuldabahia.com.br\/v1\/wp-json\/wp\/v2\/posts"}],"about":[{"href":"https:\/\/www.politicosdosuldabahia.com.br\/v1\/wp-json\/wp\/v2\/types\/post"}],"author":[{"embeddable":true,"href":"https:\/\/www.politicosdosuldabahia.com.br\/v1\/wp-json\/wp\/v2\/users\/992"}],"replies":[{"embeddable":true,"href":"https:\/\/www.politicosdosuldabahia.com.br\/v1\/wp-json\/wp\/v2\/comments?post=173181"}],"version-history":[{"count":2,"href":"https:\/\/www.politicosdosuldabahia.com.br\/v1\/wp-json\/wp\/v2\/posts\/173181\/revisions"}],"predecessor-version":[{"id":173184,"href":"https:\/\/www.politicosdosuldabahia.com.br\/v1\/wp-json\/wp\/v2\/posts\/173181\/revisions\/173184"}],"wp:featuredmedia":[{"embeddable":true,"href":"https:\/\/www.politicosdosuldabahia.com.br\/v1\/wp-json\/wp\/v2\/media\/173182"}],"wp:attachment":[{"href":"https:\/\/www.politicosdosuldabahia.com.br\/v1\/wp-json\/wp\/v2\/media?parent=173181"}],"wp:term":[{"taxonomy":"category","embeddable":true,"href":"https:\/\/www.politicosdosuldabahia.com.br\/v1\/wp-json\/wp\/v2\/categories?post=173181"},{"taxonomy":"post_tag","embeddable":true,"href":"https:\/\/www.politicosdosuldabahia.com.br\/v1\/wp-json\/wp\/v2\/tags?post=173181"}],"curies":[{"name":"wp","href":"https:\/\/api.w.org\/{rel}","templated":true}]}}