
{"id":172546,"date":"2023-04-27T15:50:47","date_gmt":"2023-04-27T18:50:47","guid":{"rendered":"http:\/\/www.politicosdosuldabahia.com.br\/v1\/?p=172546"},"modified":"2023-04-27T15:50:47","modified_gmt":"2023-04-27T18:50:47","slug":"deputada-soane-galvao-destaca-importancia-da-1a-conferencia-das-vereadoras-do-estado-da-bahia-evento-acontece-3-de-maio","status":"publish","type":"post","link":"https:\/\/www.politicosdosuldabahia.com.br\/v1\/2023\/04\/27\/deputada-soane-galvao-destaca-importancia-da-1a-conferencia-das-vereadoras-do-estado-da-bahia-evento-acontece-3-de-maio\/","title":{"rendered":"DEPUTADA SOANE GALV\u00c3O DESTACA IMPORT\u00c2NCIA DA 1\u00aa CONFER\u00caNCIA DAS VEREADORAS DO ESTADO DA BAHIA; EVENTO ACONTECE 3 DE MAIO"},"content":{"rendered":"<p><img loading=\"lazy\" decoding=\"async\" class=\"alignnone size-full wp-image-172547 aligncenter\" src=\"http:\/\/www.politicosdosuldabahia.com.br\/v1\/wp-content\/uploads\/2023\/04\/WhatsApp-Image-2023-04-27-at-15.18.03.jpeg\" alt=\"WhatsApp Image 2023-04-27 at 15.18.03\" width=\"455\" height=\"303\" srcset=\"https:\/\/www.politicosdosuldabahia.com.br\/v1\/wp-content\/uploads\/2023\/04\/WhatsApp-Image-2023-04-27-at-15.18.03.jpeg 455w, https:\/\/www.politicosdosuldabahia.com.br\/v1\/wp-content\/uploads\/2023\/04\/WhatsApp-Image-2023-04-27-at-15.18.03-300x200.jpeg 300w\" sizes=\"(max-width: 455px) 100vw, 455px\" \/><\/p>\n<h3 style=\"text-align: justify\">Desde seu primeiro dia de mandato, a deputada Soane Galv\u00e3o apresenta propostas para fortalecer a participa\u00e7\u00e3o feminina nas esferas de poder. \u00c0 frente da Comiss\u00e3o dos Direitos da Mulher da Assembleia Legislativa da Bahia (ALBA), a parlamentar desenvolve a\u00e7\u00f5es que ratificam o projeto pautado em pol\u00edticas p\u00fablicas de combate \u00e0 desigualdade de g\u00eanero nos \u00e2mbitos pol\u00edtico, econ\u00f4mico e social.<\/h3>\n<h3 style=\"text-align: justify\">Com o intuito de ampliar o di\u00e1logo e unir esfor\u00e7os, a Comiss\u00e3o dos Direitos da Mulher promove, no dia 3 de maio, a 1\u00aa Confer\u00eancia das Vereadoras do Estado da Bahia. O evento acontece \u00e0s 9h, no Audit\u00f3rio Jorge Calmon, na ALBA, sendo destinado tamb\u00e9m \u00e0s suplentes, pr\u00e9-candidatas e eleitoras.<\/h3>\n<h3 style=\"text-align: justify\">A inscri\u00e7\u00e3o \u00e9 gratuita e pode ser feita de forma online, atrav\u00e9s do link: https:\/\/forms.office.com\/r\/FazRE1q2fx<\/h3>\n<h3 style=\"text-align: justify\">No dia do evento, as participantes devem levar um quilo de alimento n\u00e3o perec\u00edvel. As doa\u00e7\u00f5es ser\u00e3o enviadas ao Programa Bahia sem Fome, iniciativa do Governo do Estado.<\/h3>\n<h3 style=\"text-align: justify\">\u201cA Confer\u00eancia representa mais um espa\u00e7o para que possamos ouvir as dificuldades e montar uma pauta com objetivos em comum. Sabemos dos in\u00fameros desafios para legislar e exercer cargos de lideran\u00e7a, contudo, vamos endossar essa luta e garantir que tantas outras mulheres possam desempenhar papel de destaque dentro do poder p\u00fablico\u201d, ressaltou Soane.<\/h3>\n<h3 style=\"text-align: justify\"><strong>A Comiss\u00e3o informa que ao final do evento, as participantes ter\u00e3o direito a certificado.\u00a0<\/strong><\/h3>\n<h3 style=\"text-align: justify\"><strong>O qu\u00ea?<\/strong> 1\u00aa Confer\u00eancia das Vereadoras do Estado da Bahia<\/h3>\n<h3 style=\"text-align: justify\"><strong>Onde?<\/strong> Audit\u00f3rio Jorge Calmon &#8211; Assembleia Legislativa da Bahia<\/h3>\n<h3 style=\"text-align: justify\"><strong>Quando?<\/strong> 3 de maio de 2023, \u00e0s 9h<\/h3>\n","protected":false},"excerpt":{"rendered":"<p>Desde seu primeiro dia de mandato, a deputada Soane Galv\u00e3o apresenta propostas para fortalecer a participa\u00e7\u00e3o feminina nas esferas de poder. \u00c0 frente da Comiss\u00e3o dos Direitos da Mulher da Assembleia Legislativa da Bahia (ALBA), a parlamentar desenvolve a\u00e7\u00f5es que ratificam o projeto pautado em pol\u00edticas p\u00fablicas de combate \u00e0 desigualdade de g\u00eanero nos \u00e2mbitos [&hellip;]<\/p>\n","protected":false},"author":992,"featured_media":172547,"comment_status":"open","ping_status":"closed","sticky":false,"template":"","format":"standard","meta":{"footnotes":"","_links_to":"","_links_to_target":""},"categories":[14],"tags":[],"class_list":["post-172546","post","type-post","status-publish","format-standard","has-post-thumbnail","hentry","category-bahia-geral"],"views":443,"_links":{"self":[{"href":"https:\/\/www.politicosdosuldabahia.com.br\/v1\/wp-json\/wp\/v2\/posts\/172546"}],"collection":[{"href":"https:\/\/www.politicosdosuldabahia.com.br\/v1\/wp-json\/wp\/v2\/posts"}],"about":[{"href":"https:\/\/www.politicosdosuldabahia.com.br\/v1\/wp-json\/wp\/v2\/types\/post"}],"author":[{"embeddable":true,"href":"https:\/\/www.politicosdosuldabahia.com.br\/v1\/wp-json\/wp\/v2\/users\/992"}],"replies":[{"embeddable":true,"href":"https:\/\/www.politicosdosuldabahia.com.br\/v1\/wp-json\/wp\/v2\/comments?post=172546"}],"version-history":[{"count":1,"href":"https:\/\/www.politicosdosuldabahia.com.br\/v1\/wp-json\/wp\/v2\/posts\/172546\/revisions"}],"predecessor-version":[{"id":172548,"href":"https:\/\/www.politicosdosuldabahia.com.br\/v1\/wp-json\/wp\/v2\/posts\/172546\/revisions\/172548"}],"wp:featuredmedia":[{"embeddable":true,"href":"https:\/\/www.politicosdosuldabahia.com.br\/v1\/wp-json\/wp\/v2\/media\/172547"}],"wp:attachment":[{"href":"https:\/\/www.politicosdosuldabahia.com.br\/v1\/wp-json\/wp\/v2\/media?parent=172546"}],"wp:term":[{"taxonomy":"category","embeddable":true,"href":"https:\/\/www.politicosdosuldabahia.com.br\/v1\/wp-json\/wp\/v2\/categories?post=172546"},{"taxonomy":"post_tag","embeddable":true,"href":"https:\/\/www.politicosdosuldabahia.com.br\/v1\/wp-json\/wp\/v2\/tags?post=172546"}],"curies":[{"name":"wp","href":"https:\/\/api.w.org\/{rel}","templated":true}]}}