
{"id":172467,"date":"2023-04-25T21:48:45","date_gmt":"2023-04-26T00:48:45","guid":{"rendered":"http:\/\/www.politicosdosuldabahia.com.br\/v1\/?p=172467"},"modified":"2023-04-25T21:48:45","modified_gmt":"2023-04-26T00:48:45","slug":"bahia-em-mobilizacao-inedita-produtores-rurais-cobram-acao-do-governo-contra-invasoes-de-terras","status":"publish","type":"post","link":"https:\/\/www.politicosdosuldabahia.com.br\/v1\/2023\/04\/25\/bahia-em-mobilizacao-inedita-produtores-rurais-cobram-acao-do-governo-contra-invasoes-de-terras\/","title":{"rendered":"BAHIA: EM MOBILIZA\u00c7\u00c3O IN\u00c9DITA, PRODUTORES RURAIS COBRAM A\u00c7\u00c3O DO GOVERNO CONTRA INVAS\u00d5ES DE TERRAS"},"content":{"rendered":"<p>&nbsp;<\/p>\n<p><img loading=\"lazy\" decoding=\"async\" class=\"wp-image-172468 aligncenter\" src=\"http:\/\/www.politicosdosuldabahia.com.br\/v1\/wp-content\/uploads\/2023\/04\/WhatsApp-Image-2023-04-25-at-21.25.56.jpeg\" alt=\"WhatsApp Image 2023-04-25 at 21.25.56\" width=\"455\" height=\"341\" srcset=\"https:\/\/www.politicosdosuldabahia.com.br\/v1\/wp-content\/uploads\/2023\/04\/WhatsApp-Image-2023-04-25-at-21.25.56.jpeg 1280w, https:\/\/www.politicosdosuldabahia.com.br\/v1\/wp-content\/uploads\/2023\/04\/WhatsApp-Image-2023-04-25-at-21.25.56-300x225.jpeg 300w, https:\/\/www.politicosdosuldabahia.com.br\/v1\/wp-content\/uploads\/2023\/04\/WhatsApp-Image-2023-04-25-at-21.25.56-768x576.jpeg 768w, https:\/\/www.politicosdosuldabahia.com.br\/v1\/wp-content\/uploads\/2023\/04\/WhatsApp-Image-2023-04-25-at-21.25.56-1024x768.jpeg 1024w, https:\/\/www.politicosdosuldabahia.com.br\/v1\/wp-content\/uploads\/2023\/04\/WhatsApp-Image-2023-04-25-at-21.25.56-400x300.jpeg 400w\" sizes=\"(max-width: 455px) 100vw, 455px\" \/><\/p>\n<h3 style=\"text-align: justify\">Cerca de dois mil produtores rurais de toda a Bahia se reuniram na tarde desta ter\u00e7a-feira (25), na Assembleia Legislativa da Bahia (AL-BA), para cobrar que o governo estadual manifeste uma posi\u00e7\u00e3o contr\u00e1ria \u00e0s invas\u00f5es de terras que t\u00eam acontecido no Estado. Somente no \u00faltimo final de semana, tr\u00eas fazendas, em Jaguaquara, Juazeiro e Guaratinga, foram alvos de a\u00e7\u00f5es do MST.<\/h3>\n<h3 style=\"text-align: justify\">A mobiliza\u00e7\u00e3o desta ter\u00e7a teve o apoio da Federa\u00e7\u00e3o da Agricultura e Pecu\u00e1ria da Bahia (FAEB), de l\u00edderes de sindicatos rurais, prefeitos e de deputados federais e estaduais. Na abertura do ato, o presidente da AL-BA, Adolfo Menezes (PSD), afirmou sua posi\u00e7\u00e3o clara de estar \u201cao lado da ordem, ao lado da produ\u00e7\u00e3o, e que n\u00e3o \u00e9 contra ningu\u00e9m, mas \u00e9 contra a barb\u00e1rie, \u00e9 contra quem quer agir fora da lei\u201d.<\/h3>\n<h3 style=\"text-align: justify\">O presidente da FAEB, Humberto Miranda, mostrou preocupa\u00e7\u00e3o com o ambiente de tens\u00e3o no campo e pediu media\u00e7\u00e3o das autoridades. \u201cO conflito \u00e9 iminente. A gente sabe como come\u00e7a, mas n\u00e3o sabe como termina. O Governo do Estado precisa sentar-se \u00e0 mesa para dar tranquilidade ao homem do campo\u201d.<\/h3>\n<h3 style=\"text-align: justify\">Representantes de diferentes regi\u00f5es da Bahia elencaram os principais preju\u00edzos causados pelas invas\u00f5es, a exemplo da inseguran\u00e7a jur\u00eddica, que consequentemente gera retra\u00e7\u00e3o nos investimentos e na produ\u00e7\u00e3o. Eles tamb\u00e9m cobraram celeridade do governo baiano no cumprimento das decis\u00f5es judiciais de reintegra\u00e7\u00e3o de posse.<\/h3>\n<h3 style=\"text-align: justify\">\u201cEstamos vivendo num estado de exce\u00e7\u00e3o. Como fica o comando da Pol\u00edcia Militar, que na hora que se depara com o crime n\u00e3o pode agir? A Pol\u00edcia n\u00e3o tem cumprido as decis\u00f5es judiciais. O governador \u00e9 que comanda a Pol\u00edcia. O comandante da tropa n\u00e3o tem culpa\u201d, afirmou Luiz Uaquim, produtor da regi\u00e3o de Ilh\u00e9us.<\/h3>\n<h3 style=\"text-align: justify\">\u201cTenho vergonha de estarmos aqui debatendo uma ilegalidade porque o governo \u00e9 que deveria estar nos protegendo\u201d, emendou Marcos Moscoso, da regi\u00e3o da Chapada Diamantina.<\/h3>\n<h3 style=\"text-align: justify\">De Feira de Santana, Luiz Bahia Neto reiterou que h\u00e1 pouco efetivo policial para as a\u00e7\u00f5es de reintegra\u00e7\u00e3o de posse e que muitas vezes a demora no processo judicial de julgamento da a\u00e7\u00e3o acaba prolongando a perman\u00eancia de invasores na propriedade. \u201cDurante esse tempo, os invasores destroem a fazenda. At\u00e9 quando o produtor rural vai ser ref\u00e9m das invas\u00f5es? Todo mundo fica com medo, com receio\u201d, pontuou.<\/h3>\n<h3 style=\"text-align: justify\">\u201cO que mais nos angustia nessa instabilidade, \u00e9 que a gente assiste \u00e0 omiss\u00e3o e \u00e0 desaten\u00e7\u00e3o dos poderes p\u00fablicos. Que eles se posicionem de forma efetiva\u201d, acrescentou Wagner Pamplona, representante do oeste baiano.<\/h3>\n<h3 style=\"text-align: justify\">Produtor rural, o deputado estadual Sandro R\u00e9gis (Uni\u00e3o Brasil) reafirmou o compromisso de atuar no legislativo para ter a\u00e7\u00f5es concretas em defesa dos produtores rurais. \u201cAs invas\u00f5es s\u00e3o atos criminosos. Vamos continuar trabalhando para que realmente o parlamento esteja ao lado de voc\u00eas e possa trazer a ordem e respeito a quem produz e a quem gera emprego\u201d.<\/h3>\n<h3 style=\"text-align: justify\"><\/h3>\n<h3 style=\"text-align: justify\">Ao final do evento os produtores rurais apresentaram uma carta listando as reivindica\u00e7\u00f5es, que foi endere\u00e7ada aos tr\u00eas Poderes da Bahia, Executivo, Legislativo e Judici\u00e1rio.<\/h3>\n","protected":false},"excerpt":{"rendered":"<p>&nbsp; Cerca de dois mil produtores rurais de toda a Bahia se reuniram na tarde desta ter\u00e7a-feira (25), na Assembleia Legislativa da Bahia (AL-BA), para cobrar que o governo estadual manifeste uma posi\u00e7\u00e3o contr\u00e1ria \u00e0s invas\u00f5es de terras que t\u00eam acontecido no Estado. Somente no \u00faltimo final de semana, tr\u00eas fazendas, em Jaguaquara, Juazeiro e [&hellip;]<\/p>\n","protected":false},"author":992,"featured_media":0,"comment_status":"open","ping_status":"closed","sticky":false,"template":"","format":"standard","meta":{"footnotes":"","_links_to":"","_links_to_target":""},"categories":[14],"tags":[],"class_list":["post-172467","post","type-post","status-publish","format-standard","hentry","category-bahia-geral"],"views":575,"_links":{"self":[{"href":"https:\/\/www.politicosdosuldabahia.com.br\/v1\/wp-json\/wp\/v2\/posts\/172467"}],"collection":[{"href":"https:\/\/www.politicosdosuldabahia.com.br\/v1\/wp-json\/wp\/v2\/posts"}],"about":[{"href":"https:\/\/www.politicosdosuldabahia.com.br\/v1\/wp-json\/wp\/v2\/types\/post"}],"author":[{"embeddable":true,"href":"https:\/\/www.politicosdosuldabahia.com.br\/v1\/wp-json\/wp\/v2\/users\/992"}],"replies":[{"embeddable":true,"href":"https:\/\/www.politicosdosuldabahia.com.br\/v1\/wp-json\/wp\/v2\/comments?post=172467"}],"version-history":[{"count":1,"href":"https:\/\/www.politicosdosuldabahia.com.br\/v1\/wp-json\/wp\/v2\/posts\/172467\/revisions"}],"predecessor-version":[{"id":172469,"href":"https:\/\/www.politicosdosuldabahia.com.br\/v1\/wp-json\/wp\/v2\/posts\/172467\/revisions\/172469"}],"wp:attachment":[{"href":"https:\/\/www.politicosdosuldabahia.com.br\/v1\/wp-json\/wp\/v2\/media?parent=172467"}],"wp:term":[{"taxonomy":"category","embeddable":true,"href":"https:\/\/www.politicosdosuldabahia.com.br\/v1\/wp-json\/wp\/v2\/categories?post=172467"},{"taxonomy":"post_tag","embeddable":true,"href":"https:\/\/www.politicosdosuldabahia.com.br\/v1\/wp-json\/wp\/v2\/tags?post=172467"}],"curies":[{"name":"wp","href":"https:\/\/api.w.org\/{rel}","templated":true}]}}