
{"id":172254,"date":"2023-04-20T12:18:49","date_gmt":"2023-04-20T15:18:49","guid":{"rendered":"http:\/\/www.politicosdosuldabahia.com.br\/v1\/?p=172254"},"modified":"2023-04-20T12:21:21","modified_gmt":"2023-04-20T15:21:21","slug":"salvador-travesti-e-condenada-a-mais-de-60-anos-de-prisao-por-envolvimento-na-chacina-de-motoristas-por-aplicativo172254","status":"publish","type":"post","link":"https:\/\/www.politicosdosuldabahia.com.br\/v1\/2023\/04\/20\/salvador-travesti-e-condenada-a-mais-de-60-anos-de-prisao-por-envolvimento-na-chacina-de-motoristas-por-aplicativo172254\/","title":{"rendered":"SALVADOR: TRAVESTI \u00c9 CONDENADA A MAIS DE 60 ANOS DE PRIS\u00c3O POR ENVOLVIMENTO NA CHACINA DE MOTORISTAS POR APLICATIVO"},"content":{"rendered":"<h4 style=\"text-align: center\"><em><strong>Crimes aconteceram em dezembro de 2019 e quatro homens da mesma profiss\u00e3o morreram. Julgamento ocorreu nesta quarta (19), no F\u00f3rum Ruy Barbosa, e durou mais de 10h<\/strong><\/em><\/h4>\n<p><img loading=\"lazy\" decoding=\"async\" class=\"wp-image-172259 aligncenter\" src=\"http:\/\/www.politicosdosuldabahia.com.br\/v1\/wp-content\/uploads\/2023\/04\/WhatsApp-Image-2023-04-20-at-12.17.18.jpeg\" alt=\"WhatsApp Image 2023-04-20 at 12.17.18\" width=\"455\" height=\"285\" srcset=\"https:\/\/www.politicosdosuldabahia.com.br\/v1\/wp-content\/uploads\/2023\/04\/WhatsApp-Image-2023-04-20-at-12.17.18.jpeg 984w, https:\/\/www.politicosdosuldabahia.com.br\/v1\/wp-content\/uploads\/2023\/04\/WhatsApp-Image-2023-04-20-at-12.17.18-300x188.jpeg 300w, https:\/\/www.politicosdosuldabahia.com.br\/v1\/wp-content\/uploads\/2023\/04\/WhatsApp-Image-2023-04-20-at-12.17.18-768x481.jpeg 768w\" sizes=\"(max-width: 455px) 100vw, 455px\" \/><\/p>\n<p>&nbsp;<\/p>\n<h3 style=\"text-align: justify\">A travesti Amanda Santos foi condenada a\u00a063 anos e oito meses de pris\u00e3o\u00a0por envolvimento na chacina de motoristas por aplicativos no ano de 2019,\u00a0\u00a0em Salvador. O j\u00fari popular foi comandado pela ju\u00edza Andrea Teixeira Lima Sarmento Netto, nesta quarta-feira (19), e durou mais de 10 horas.<\/h3>\n<h3 style=\"text-align: justify\">O julgamento aconteceu no Segundo Sal\u00e3o do J\u00fari do F\u00f3rum Ruy Barbosa, na capital baiana. Amanda \u00e9 a \u00fanica acusada viva e estava presa desde ent\u00e3o.<\/h3>\n<h3 style=\"text-align: justify\">Amanda foi julgada pelos homic\u00eddios de\u00a0Alisson Silva Damasceno dos Santos, Daniel Santos da Silva, Genivaldo da Silva F\u00e9lix, S\u00e1vio da Silva Dias, e a tentativa de homic\u00eddio de um motorista, no dia 13 de dezembro de 2019, por volta das 4h, na localidade conhecida como &#8220;Paz e Vida&#8221; , na entrada do bairro Santo In\u00e1cio.<\/h3>\n<h3 style=\"text-align: justify\">Amanda \u00e9 o nome social da acusada. Inicialmente a Secretaria de Seguran\u00e7a P\u00fablica da Bahia (SSP-BA) a identificava pelo nome de registro que ainda \u00e9 utilizado pelo Tribunal de Justi\u00e7a da Bahia (TJ-BA).<\/h3>\n<h3 style=\"text-align: justify\">\u00a0&#8211; O j\u00fari come\u00e7ou 8h. A promotora do caso foi Mirella Barros Concei\u00e7\u00e3o Brito e a condenada foi defendida pela Defensoria P\u00fablica do Estado da Bahia (DPE-BA);<\/h3>\n<h3 style=\"text-align: justify\">&#8211; Sete, dos 29 jurados, foram sorteados e participaram do julgamento;<\/h3>\n<p>&nbsp;<\/p>\n<h3>\u00a0&#8211; Esposas de tr\u00eas v\u00edtimas foram ouvidas pela ju\u00edza;<\/h3>\n<p>&nbsp;<\/p>\n<h3>\u00a0&#8211; Motorista que sobreviveu e denunciou a chacina tamb\u00e9m foi ouvido no F\u00f3rum;<\/h3>\n<p>&nbsp;<\/p>\n<h3>&#8211; Depois a ju\u00edza chamou Amanda e leu as acusa\u00e7\u00f5es feitas pelas testemunhas de acusa\u00e7\u00e3o;<\/h3>\n<h3>&#8211; Ap\u00f3s ouvir os relatos, a condenada negou todas as acusa\u00e7\u00f5es, inclusive a de que teria agredido o motorista que sobreviveu.<\/h3>\n<p>&nbsp;<\/p>\n<h3>\u00a0&#8211; Amanda disse que tinha uma d\u00edvida com Jeferson Palmeira Soares Santos, conhecido como &#8220;Jel&#8221;: apontado como mandante do crime;<\/h3>\n<p>&nbsp;<\/p>\n<h3>\u00a0&#8211; Afirmou tamb\u00e9m que aceitou se juntar ao grupo, porque acreditava que eles iam &#8220;apenas assaltar e n\u00e3o matar&#8221; as v\u00edtimas;<\/h3>\n<p>&nbsp;<\/p>\n<h3>\u00a0&#8211; Disse que chegou a entrar em um carro, com o adolescente, para assaltar o motorista. A v\u00edtima teria sido rendida pela dupla, que teria desistido do crime e liberado o homem;<\/h3>\n<p>&nbsp;<\/p>\n<h3>&#8211; A decis\u00e3o, de acordo com Amanda, teria provocado a ira do traficante, que brigou com a dupla;<\/h3>\n<h3 style=\"text-align: justify\">&#8211; Os dois teriam feito uma nova chamada e assaltado um outro motorista por aplicativo. Ap\u00f3s levarem a v\u00edtima, que n\u00e3o teve o nome detalhado, para um barraco. A travesti teria visto que outros profissionais da mesma profiss\u00e3o estavam no local, rendidos;<\/h3>\n<h3 style=\"text-align: justify\">&#8211; Ela afirmou que deixou o local do assassinato. Disse tamb\u00e9m que tentou convencer o adolescente, que foi apreendido, a sair de l\u00e1, mas ele n\u00e3o quis;<\/h3>\n<h3 style=\"text-align: justify\">&#8211; Contou que n\u00e3o atirou nas v\u00edtimas e que n\u00e3o sabia que o comparsa adolescente era menor de idade.<\/h3>\n<h3 style=\"text-align: justify\"><strong>Os mortos s\u00e3o:<\/strong><\/h3>\n<ul style=\"text-align: justify\">\n<li>\n<h3>S\u00e1vio da Silva Dias, de 23 anos;<\/h3>\n<\/li>\n<li>\n<h3>Alisson Silva Damasceno, de 27 anos;<\/h3>\n<\/li>\n<li>\n<h3>Daniel Santos da Silva, de 31 anos;<\/h3>\n<\/li>\n<li>\n<h3>Genivaldo da Silva F\u00e9lix, de 48 anos.<\/h3>\n<\/li>\n<\/ul>\n<h3 style=\"text-align: justify\"><strong>Os envolvidos no crime s\u00e3o:<\/strong><\/h3>\n<ul>\n<li style=\"text-align: justify\">\n<h3>Jeferson Palmeira Soares Santos, conhecido como &#8220;Jel&#8221;: apontado como mandante do crime; (encontrado morto dois dias depois do crime).<\/h3>\n<h3><\/h3>\n<\/li>\n<li style=\"text-align: justify\">\n<h3>Ant\u00f4nio Carlos Santos de Carvalho, de 19 anos: apontado por envolvimento; (morreu em confronto com policiais no mesmo dia do crime).<\/h3>\n<\/li>\n<li style=\"text-align: justify\">\n<h3>Marcos Moura de Jesus, de 30 anos: apontado por envolvimento;\u00a0(morreu em confronto com policiais no mesmo dia do crime).<\/h3>\n<\/li>\n<li style=\"text-align: justify\">\n<h3>Amanda: apontada por envolvimento.<\/h3>\n<h4><em><strong>Com informa\u00e7\u00f5es do G1<\/strong><\/em><\/h4>\n<\/li>\n<\/ul>\n<p>&nbsp;<\/p>\n","protected":false},"excerpt":{"rendered":"<p>Crimes aconteceram em dezembro de 2019 e quatro homens da mesma profiss\u00e3o morreram. Julgamento ocorreu nesta quarta (19), no F\u00f3rum Ruy Barbosa, e durou mais de 10h &nbsp; A travesti Amanda Santos foi condenada a\u00a063 anos e oito meses de pris\u00e3o\u00a0por envolvimento na chacina de motoristas por aplicativos no ano de 2019,\u00a0\u00a0em Salvador. O j\u00fari [&hellip;]<\/p>\n","protected":false},"author":992,"featured_media":172259,"comment_status":"open","ping_status":"closed","sticky":false,"template":"","format":"standard","meta":{"footnotes":"","_links_to":"","_links_to_target":""},"categories":[14],"tags":[],"class_list":["post-172254","post","type-post","status-publish","format-standard","has-post-thumbnail","hentry","category-bahia-geral"],"views":574,"_links":{"self":[{"href":"https:\/\/www.politicosdosuldabahia.com.br\/v1\/wp-json\/wp\/v2\/posts\/172254"}],"collection":[{"href":"https:\/\/www.politicosdosuldabahia.com.br\/v1\/wp-json\/wp\/v2\/posts"}],"about":[{"href":"https:\/\/www.politicosdosuldabahia.com.br\/v1\/wp-json\/wp\/v2\/types\/post"}],"author":[{"embeddable":true,"href":"https:\/\/www.politicosdosuldabahia.com.br\/v1\/wp-json\/wp\/v2\/users\/992"}],"replies":[{"embeddable":true,"href":"https:\/\/www.politicosdosuldabahia.com.br\/v1\/wp-json\/wp\/v2\/comments?post=172254"}],"version-history":[{"count":3,"href":"https:\/\/www.politicosdosuldabahia.com.br\/v1\/wp-json\/wp\/v2\/posts\/172254\/revisions"}],"predecessor-version":[{"id":172262,"href":"https:\/\/www.politicosdosuldabahia.com.br\/v1\/wp-json\/wp\/v2\/posts\/172254\/revisions\/172262"}],"wp:featuredmedia":[{"embeddable":true,"href":"https:\/\/www.politicosdosuldabahia.com.br\/v1\/wp-json\/wp\/v2\/media\/172259"}],"wp:attachment":[{"href":"https:\/\/www.politicosdosuldabahia.com.br\/v1\/wp-json\/wp\/v2\/media?parent=172254"}],"wp:term":[{"taxonomy":"category","embeddable":true,"href":"https:\/\/www.politicosdosuldabahia.com.br\/v1\/wp-json\/wp\/v2\/categories?post=172254"},{"taxonomy":"post_tag","embeddable":true,"href":"https:\/\/www.politicosdosuldabahia.com.br\/v1\/wp-json\/wp\/v2\/tags?post=172254"}],"curies":[{"name":"wp","href":"https:\/\/api.w.org\/{rel}","templated":true}]}}