
{"id":172195,"date":"2023-04-17T20:39:35","date_gmt":"2023-04-17T23:39:35","guid":{"rendered":"http:\/\/www.politicosdosuldabahia.com.br\/v1\/?p=172195"},"modified":"2023-04-18T10:27:05","modified_gmt":"2023-04-18T13:27:05","slug":"produtores-rurais-preparam-para-grande-ato-contra-invasoes-de-terra-na-bahia-no-dia-25-de-abril","status":"publish","type":"post","link":"https:\/\/www.politicosdosuldabahia.com.br\/v1\/2023\/04\/17\/produtores-rurais-preparam-para-grande-ato-contra-invasoes-de-terra-na-bahia-no-dia-25-de-abril\/","title":{"rendered":"PRODUTORES RURAIS PREPARAM PARA GRANDE ATO CONTRA INVAS\u00d5ES DE TERRA NA BAHIA, NO DIA 25 DE ABRIL"},"content":{"rendered":"<p>&nbsp;<\/p>\n<p style=\"text-align: center\"><strong><em>Evento acontecer\u00e1 a partir das 14h, no audit\u00f3rio da Assembleia Legislativa da Bahia<\/em><\/strong><\/p>\n<p><img loading=\"lazy\" decoding=\"async\" class=\"alignnone size-full wp-image-172196 aligncenter\" src=\"http:\/\/www.politicosdosuldabahia.com.br\/v1\/wp-content\/uploads\/2023\/04\/WhatsApp-Image-2023-04-17-at-20.19.23.jpeg\" alt=\"WhatsApp Image 2023-04-17 at 20.19.23\" width=\"455\" height=\"284\" srcset=\"https:\/\/www.politicosdosuldabahia.com.br\/v1\/wp-content\/uploads\/2023\/04\/WhatsApp-Image-2023-04-17-at-20.19.23.jpeg 455w, https:\/\/www.politicosdosuldabahia.com.br\/v1\/wp-content\/uploads\/2023\/04\/WhatsApp-Image-2023-04-17-at-20.19.23-300x187.jpeg 300w\" sizes=\"(max-width: 455px) 100vw, 455px\" \/><\/p>\n<h3 style=\"text-align: justify\">Uma reuni\u00e3o nesta segunda-feira (17) definiu a programa\u00e7\u00e3o do grande ato que produtores rurais far\u00e3o no pr\u00f3ximo dia 25, a partir das 14h, na Assembleia Legislativa do Estado, contra as invas\u00f5es de terra na Bahia. Os representantes do segmento foram recebidos pelos deputados estaduais Sandro R\u00e9gis (UB), Tiago Correia (PSDB), Manuel Rocha (UB) e Pedro Tavares (UB), que refor\u00e7aram a import\u00e2ncia da mobiliza\u00e7\u00e3o.<\/h3>\n<h3 style=\"text-align: justify\">\u201cN\u00e3o podemos assistir a esses movimentos criminosos de bra\u00e7os cruzados, a propriedade privada precisa ser respeitada, sob pena de anularmos o que diz a lei. Por isso \u00e9 importante cobrar que as autoridades competentes cumpram seu papel e garantam a tranquilidade no campo\u201d, afirmou Sandro R\u00e9gis.<\/h3>\n<h3 style=\"text-align: justify\">A iniciativa in\u00e9dita dos produtores baianos de todas as regi\u00f5es do estado faz frente \u00e0 onda de invas\u00f5es que passou a acontecer na Bahia, especialmente neste m\u00eas, quando o MST realiza o \u201cAbril Vermelho\u201d e estimula ataques.<\/h3>\n<h3 style=\"text-align: justify\">Os produtores elencaram uma pauta de cinco pontos priorit\u00e1rios que estar\u00e3o em discuss\u00e3o no encontro da pr\u00f3xima semana: inseguran\u00e7a jur\u00eddica, relev\u00e2ncia do agroneg\u00f3cio no PIB e na economia da Bahia, reforma agr\u00e1ria nos termos da lei, posicionamento do Governo do Estado diante das a\u00e7\u00f5es do MST e o descumprimento das decis\u00f5es judiciais de reintegra\u00e7\u00e3o de posse.<\/h3>\n<h3 style=\"text-align: justify\">Foram convidados para o evento representantes da Federa\u00e7\u00e3o da Agricultura e Pecu\u00e1ria da Bahia (FAEB), dos sindicatos rurais, os secret\u00e1rios estaduais de Agricultura, de Seguran\u00e7a, Direitos Humanos e da Casa Civil, os presidentes da Uni\u00e3o dos Prefeitos da Bahia (UPB), da Assembleia Legislativa, do Tribunal de Justi\u00e7a da Bahia, al\u00e9m do Minist\u00e9rio P\u00fablico e do comandante da Pol\u00edcia Militar.<\/h3>\n","protected":false},"excerpt":{"rendered":"<p>&nbsp; Evento acontecer\u00e1 a partir das 14h, no audit\u00f3rio da Assembleia Legislativa da Bahia Uma reuni\u00e3o nesta segunda-feira (17) definiu a programa\u00e7\u00e3o do grande ato que produtores rurais far\u00e3o no pr\u00f3ximo dia 25, a partir das 14h, na Assembleia Legislativa do Estado, contra as invas\u00f5es de terra na Bahia. Os representantes do segmento foram recebidos [&hellip;]<\/p>\n","protected":false},"author":992,"featured_media":0,"comment_status":"open","ping_status":"closed","sticky":false,"template":"","format":"standard","meta":{"footnotes":"","_links_to":"","_links_to_target":""},"categories":[14],"tags":[],"class_list":["post-172195","post","type-post","status-publish","format-standard","hentry","category-bahia-geral"],"views":454,"_links":{"self":[{"href":"https:\/\/www.politicosdosuldabahia.com.br\/v1\/wp-json\/wp\/v2\/posts\/172195"}],"collection":[{"href":"https:\/\/www.politicosdosuldabahia.com.br\/v1\/wp-json\/wp\/v2\/posts"}],"about":[{"href":"https:\/\/www.politicosdosuldabahia.com.br\/v1\/wp-json\/wp\/v2\/types\/post"}],"author":[{"embeddable":true,"href":"https:\/\/www.politicosdosuldabahia.com.br\/v1\/wp-json\/wp\/v2\/users\/992"}],"replies":[{"embeddable":true,"href":"https:\/\/www.politicosdosuldabahia.com.br\/v1\/wp-json\/wp\/v2\/comments?post=172195"}],"version-history":[{"count":2,"href":"https:\/\/www.politicosdosuldabahia.com.br\/v1\/wp-json\/wp\/v2\/posts\/172195\/revisions"}],"predecessor-version":[{"id":172198,"href":"https:\/\/www.politicosdosuldabahia.com.br\/v1\/wp-json\/wp\/v2\/posts\/172195\/revisions\/172198"}],"wp:attachment":[{"href":"https:\/\/www.politicosdosuldabahia.com.br\/v1\/wp-json\/wp\/v2\/media?parent=172195"}],"wp:term":[{"taxonomy":"category","embeddable":true,"href":"https:\/\/www.politicosdosuldabahia.com.br\/v1\/wp-json\/wp\/v2\/categories?post=172195"},{"taxonomy":"post_tag","embeddable":true,"href":"https:\/\/www.politicosdosuldabahia.com.br\/v1\/wp-json\/wp\/v2\/tags?post=172195"}],"curies":[{"name":"wp","href":"https:\/\/api.w.org\/{rel}","templated":true}]}}