
{"id":172066,"date":"2023-04-12T16:54:06","date_gmt":"2023-04-12T19:54:06","guid":{"rendered":"http:\/\/www.politicosdosuldabahia.com.br\/v1\/?p=172066"},"modified":"2023-04-12T16:54:06","modified_gmt":"2023-04-12T19:54:06","slug":"loja-buriti-e-destaque-no-ranking-de-lojas-de-materiais-para-construcao-anamaco","status":"publish","type":"post","link":"https:\/\/www.politicosdosuldabahia.com.br\/v1\/2023\/04\/12\/loja-buriti-e-destaque-no-ranking-de-lojas-de-materiais-para-construcao-anamaco\/","title":{"rendered":"LOJA BURITI \u00c9 DESTAQUE NO RANKING DE LOJAS DE MATERIAIS PARA CONSTRU\u00c7\u00c3O, ANAMACO"},"content":{"rendered":"<h3 style=\"text-align: justify\"><img loading=\"lazy\" decoding=\"async\" class=\"wp-image-172067 aligncenter\" src=\"http:\/\/www.politicosdosuldabahia.com.br\/v1\/wp-content\/uploads\/2023\/04\/WhatsApp-Image-2023-04-12-at-16.14.16-1.jpeg\" alt=\"WhatsApp Image 2023-04-12 at 16.14.16 (1)\" width=\"455\" height=\"305\" srcset=\"https:\/\/www.politicosdosuldabahia.com.br\/v1\/wp-content\/uploads\/2023\/04\/WhatsApp-Image-2023-04-12-at-16.14.16-1.jpeg 724w, https:\/\/www.politicosdosuldabahia.com.br\/v1\/wp-content\/uploads\/2023\/04\/WhatsApp-Image-2023-04-12-at-16.14.16-1-300x201.jpeg 300w\" sizes=\"(max-width: 455px) 100vw, 455px\" \/><\/h3>\n<h3 style=\"text-align: justify\">A Revista Anamaco, da Associa\u00e7\u00e3o Nacional dos Comerciantes de Material de Constru\u00e7\u00e3o, lan\u00e7ou sua 344\u00ba edi\u00e7\u00e3o, neste m\u00eas Abril\/2023, com o 23\u00ba Ranking Nacional das Lojas de Material para Constru\u00e7\u00e3o. A revista \u00e9 lan\u00e7ada na FEICON, que est\u00e1 acontecendo em S\u00e3o Paulo e lista as melhores empresas do pa\u00eds do setor.<\/h3>\n<h3 style=\"text-align: justify\">O Ranking de Lojas da Revista Anamaco \u00e9 a principal refer\u00eancia do mercado da constru\u00e7\u00e3o, utilizando o crit\u00e9rio de compras com informa\u00e7\u00f5es enviados pelas ind\u00fastrias. O ranking mostra a participa\u00e7\u00e3o de mercado de cada empresa, sendo utilizado como ferramenta para an\u00e1lises, compara\u00e7\u00f5es e para que o varejo possa se conhecer melhor.<\/h3>\n<h3 style=\"text-align: justify\">A dire\u00e7\u00e3o da Buriti comemora o sucesso alcan\u00e7ado e o crescimento na participa\u00e7\u00e3o de mercado no Sul da Bahia, ano ap\u00f3s ano. \u201cS\u00e3o quase 10 mil revendas em toda a Bahia. A Buriti aparece na 14\u00ba coloca\u00e7\u00e3o no Estado e, em 1\u00ba lugar em nossa regi\u00e3o do Sul da Bahia. Um crescimento que \u00e9 demonstrado no ranking todos os anos\u201d, destacou Luiz Ribeiro, presidente das Lojas Buriti.<\/h3>\n<h3 style=\"text-align: justify\">Mauro Ribeiro, diretor comercial tamb\u00e9m comentou que \u201co ranking \u00e9 um term\u00f4metro para medir os resultados das a\u00e7\u00f5es implementadas. Demonstra que estamos no caminho certo, resultado de um trabalho de toda equipe Buriti e, agradecer aos consumidores que acreditam e confiam em nosso trabalho\u201d.<\/h3>\n<h3 style=\"text-align: justify\">A revista ANAMACO com o Ranking completo das Lojas de Materiais de Constru\u00e7\u00e3o podem ser acessados digitalmente atrav\u00e9s do endere\u00e7o: http:\/\/www.revistaanamaco.com.br\/ed-344<\/h3>\n","protected":false},"excerpt":{"rendered":"<p>A Revista Anamaco, da Associa\u00e7\u00e3o Nacional dos Comerciantes de Material de Constru\u00e7\u00e3o, lan\u00e7ou sua 344\u00ba edi\u00e7\u00e3o, neste m\u00eas Abril\/2023, com o 23\u00ba Ranking Nacional das Lojas de Material para Constru\u00e7\u00e3o. A revista \u00e9 lan\u00e7ada na FEICON, que est\u00e1 acontecendo em S\u00e3o Paulo e lista as melhores empresas do pa\u00eds do setor. O Ranking de Lojas [&hellip;]<\/p>\n","protected":false},"author":992,"featured_media":172067,"comment_status":"open","ping_status":"closed","sticky":false,"template":"","format":"standard","meta":{"footnotes":"","_links_to":"","_links_to_target":""},"categories":[14,3],"tags":[],"class_list":["post-172066","post","type-post","status-publish","format-standard","has-post-thumbnail","hentry","category-bahia-geral","category-cidades"],"views":663,"_links":{"self":[{"href":"https:\/\/www.politicosdosuldabahia.com.br\/v1\/wp-json\/wp\/v2\/posts\/172066"}],"collection":[{"href":"https:\/\/www.politicosdosuldabahia.com.br\/v1\/wp-json\/wp\/v2\/posts"}],"about":[{"href":"https:\/\/www.politicosdosuldabahia.com.br\/v1\/wp-json\/wp\/v2\/types\/post"}],"author":[{"embeddable":true,"href":"https:\/\/www.politicosdosuldabahia.com.br\/v1\/wp-json\/wp\/v2\/users\/992"}],"replies":[{"embeddable":true,"href":"https:\/\/www.politicosdosuldabahia.com.br\/v1\/wp-json\/wp\/v2\/comments?post=172066"}],"version-history":[{"count":1,"href":"https:\/\/www.politicosdosuldabahia.com.br\/v1\/wp-json\/wp\/v2\/posts\/172066\/revisions"}],"predecessor-version":[{"id":172068,"href":"https:\/\/www.politicosdosuldabahia.com.br\/v1\/wp-json\/wp\/v2\/posts\/172066\/revisions\/172068"}],"wp:featuredmedia":[{"embeddable":true,"href":"https:\/\/www.politicosdosuldabahia.com.br\/v1\/wp-json\/wp\/v2\/media\/172067"}],"wp:attachment":[{"href":"https:\/\/www.politicosdosuldabahia.com.br\/v1\/wp-json\/wp\/v2\/media?parent=172066"}],"wp:term":[{"taxonomy":"category","embeddable":true,"href":"https:\/\/www.politicosdosuldabahia.com.br\/v1\/wp-json\/wp\/v2\/categories?post=172066"},{"taxonomy":"post_tag","embeddable":true,"href":"https:\/\/www.politicosdosuldabahia.com.br\/v1\/wp-json\/wp\/v2\/tags?post=172066"}],"curies":[{"name":"wp","href":"https:\/\/api.w.org\/{rel}","templated":true}]}}