
{"id":171718,"date":"2023-03-31T14:32:23","date_gmt":"2023-03-31T17:32:23","guid":{"rendered":"http:\/\/www.politicosdosuldabahia.com.br\/v1\/?p=171718"},"modified":"2023-03-31T14:32:23","modified_gmt":"2023-03-31T17:32:23","slug":"no-sul-da-bahia-governador-em-exercicio-geraldo-junior-inaugura-unidade-de-alta-complexidade-em-oncologia","status":"publish","type":"post","link":"https:\/\/www.politicosdosuldabahia.com.br\/v1\/2023\/03\/31\/no-sul-da-bahia-governador-em-exercicio-geraldo-junior-inaugura-unidade-de-alta-complexidade-em-oncologia\/","title":{"rendered":"NO SUL DA BAHIA, GOVERNADOR EM EXERC\u00cdCIO GERALDO J\u00daNIOR\u00a0INAUGURA UNIDADE DE ALTA COMPLEXIDADE EM ONCOLOGIA"},"content":{"rendered":"<p>&nbsp;<\/p>\n<p><img loading=\"lazy\" decoding=\"async\" class=\"alignnone size-full wp-image-171713 aligncenter\" src=\"http:\/\/www.politicosdosuldabahia.com.br\/v1\/wp-content\/uploads\/2023\/03\/86f9e858-be22-4c14-8d1f-4ef312390444.jpg\" alt=\"86f9e858-be22-4c14-8d1f-4ef312390444\" width=\"455\" height=\"303\" srcset=\"https:\/\/www.politicosdosuldabahia.com.br\/v1\/wp-content\/uploads\/2023\/03\/86f9e858-be22-4c14-8d1f-4ef312390444.jpg 455w, https:\/\/www.politicosdosuldabahia.com.br\/v1\/wp-content\/uploads\/2023\/03\/86f9e858-be22-4c14-8d1f-4ef312390444-300x200.jpg 300w\" sizes=\"(max-width: 455px) 100vw, 455px\" \/><\/p>\n<h3 style=\"text-align: justify\">Nesta sexta-feira (31), o governador em exerc\u00edcio Geraldo J\u00fanior entregou, no munic\u00edpio de Porto Seguro, no litoral sul da Bahia, a Unidade de Assist\u00eancia de Alta Complexidade em Oncologia (Unacon), que passa a funcionar dentro do Hospital Regional Deputado Lu\u00eds Eduardo Magalh\u00e3es. Com o investimento de R$ 2,3 milh\u00f5es, que foram destinados para as obras e compras de equipamentos, a Unacom disp\u00f5e de 12 leitos de quimioterapia, com capacidade para atender quase mil pessoas por ano, tanto de Porto Seguro quanto dos demais munic\u00edpios da regi\u00e3o.<\/h3>\n<h3 style=\"text-align: justify\">Geraldo J\u00fanior refor\u00e7ou que a entrega de parte da reforma do hospital regional do munic\u00edpio comp\u00f5e a estrat\u00e9gia do Governo do Estado de regionalizar o atendimento de sa\u00fade. &#8220;Foram entregues hoje 12 leitos da Unacon para que a gente possa continuar transformando a vida das baianas e dos baianos e valorizando a sa\u00fade do territ\u00f3rio&#8221;, disse.<\/h3>\n<h3 style=\"text-align: justify\">\u201cEssa \u00e9 uma etapa de uma grande interven\u00e7\u00e3o que a gente est\u00e1 fazendo aqui na unidade Lu\u00eds Eduardo Magalh\u00e3es. S\u00e3o R$ 11 milh\u00f5es em investimento, nesta etapa entregue hoje s\u00e3o R$ 2,3 milh\u00f5es e 12 leitos de oncologia, onde a gente vai fazer todo o atendimento ambulatorial e tamb\u00e9m a infus\u00e3o da quimioterapia. Isso traz todo um conforto para as fam\u00edlias, ao oferecer todo o tratamento na regi\u00e3o e eliminar o desconforto do deslocamento\u201d, detalhou a da Secretaria da Sa\u00fade (Sesab), Roberta Santana.<\/h3>\n<p><img loading=\"lazy\" decoding=\"async\" class=\"size-full wp-image-171712 aligncenter\" src=\"http:\/\/www.politicosdosuldabahia.com.br\/v1\/wp-content\/uploads\/2023\/03\/f20c304c-d3af-4a04-8236-2cee8e2ff7e2.jpg\" alt=\"f20c304c-d3af-4a04-8236-2cee8e2ff7e2\" width=\"455\" height=\"303\" srcset=\"https:\/\/www.politicosdosuldabahia.com.br\/v1\/wp-content\/uploads\/2023\/03\/f20c304c-d3af-4a04-8236-2cee8e2ff7e2.jpg 455w, https:\/\/www.politicosdosuldabahia.com.br\/v1\/wp-content\/uploads\/2023\/03\/f20c304c-d3af-4a04-8236-2cee8e2ff7e2-300x200.jpg 300w\" sizes=\"(max-width: 455px) 100vw, 455px\" \/><\/p>\n<h3 style=\"text-align: justify\">Ainda de acordo com a titular Sesab, em breve, o hospital tamb\u00e9m vai receber 20 leitos cardiol\u00f3gicos, dentre outras melhorias que est\u00e3o sendo preparadas em etapas. \u201cA gente deve estar realizando nos pr\u00f3ximos 30 dias a inaugura\u00e7\u00e3o, que ser\u00e1 seguida da reforma e amplia\u00e7\u00e3o da obstetr\u00edcia\u201d, completou.<\/h3>\n<h3 style=\"text-align: justify\"><strong>Confer\u00eancia<\/strong><\/h3>\n<h3 style=\"text-align: justify\">Em agenda no come\u00e7o da manh\u00e3, Geraldo J\u00fanior tamb\u00e9m participou da 7\u00aa Confer\u00eancia Municipal de Sa\u00fade, realizada na C\u00e2mara Municipal de Vereadores de Santa Cruz Cabr\u00e1lia. O evento debateu estrat\u00e9gias de melhorias na sa\u00fade do munic\u00edpio e reuniu diversas autoridades locais e estaduais. As confer\u00eancias municipais s\u00e3o preparativas para as confer\u00eancias estadual e nacional de sa\u00fade.<\/h3>\n<h3 style=\"text-align: justify\">\u201cEsse \u00e9 o momento da escuta, de ouvir a sociedade civil, os movimentos sociais, ouvir a sociedade empresarial, sindical do que pensa e do que quer da sa\u00fade\u201d, afirmou o governador em exerc\u00edcio, ap\u00f3s participar da mesa de abertura da confer\u00eancia. A mesa de abertura do evento contou com a participa\u00e7\u00e3o da titular da Sesab, Roberta Santa, do prefeito de Santa Cruz Cabr\u00e1lia, Agnelo Santos, da presidente da C\u00e2mara dos Vereadores, Soraia da Sa\u00fade, e da secret\u00e1ria municipal de Sa\u00fade, Renata Pinheiro.<\/h3>\n<h3 style=\"text-align: justify\">\u201cAqui ser\u00e3o discutidas propostas, levantamento de problemas, para a gente construir um Sistema \u00danico de Sa\u00fade (SUS) municipal e estadual mais justo e igualit\u00e1rio. Daqui saem propostas que ser\u00e3o levadas em outras etapas da Confer\u00eancia Estadual de Sa\u00fade. \u00c9 um espa\u00e7o democr\u00e1tico onde constru\u00edmos juntos\u201d, explicou Renata.<\/h3>\n<p style=\"text-align: justify\">\n<p>&nbsp;<\/p>\n","protected":false},"excerpt":{"rendered":"<p>&nbsp; Nesta sexta-feira (31), o governador em exerc\u00edcio Geraldo J\u00fanior entregou, no munic\u00edpio de Porto Seguro, no litoral sul da Bahia, a Unidade de Assist\u00eancia de Alta Complexidade em Oncologia (Unacon), que passa a funcionar dentro do Hospital Regional Deputado Lu\u00eds Eduardo Magalh\u00e3es. Com o investimento de R$ 2,3 milh\u00f5es, que foram destinados para as [&hellip;]<\/p>\n","protected":false},"author":992,"featured_media":0,"comment_status":"open","ping_status":"closed","sticky":false,"template":"","format":"standard","meta":{"footnotes":"","_links_to":"","_links_to_target":""},"categories":[14],"tags":[],"class_list":["post-171718","post","type-post","status-publish","format-standard","hentry","category-bahia-geral"],"views":432,"_links":{"self":[{"href":"https:\/\/www.politicosdosuldabahia.com.br\/v1\/wp-json\/wp\/v2\/posts\/171718"}],"collection":[{"href":"https:\/\/www.politicosdosuldabahia.com.br\/v1\/wp-json\/wp\/v2\/posts"}],"about":[{"href":"https:\/\/www.politicosdosuldabahia.com.br\/v1\/wp-json\/wp\/v2\/types\/post"}],"author":[{"embeddable":true,"href":"https:\/\/www.politicosdosuldabahia.com.br\/v1\/wp-json\/wp\/v2\/users\/992"}],"replies":[{"embeddable":true,"href":"https:\/\/www.politicosdosuldabahia.com.br\/v1\/wp-json\/wp\/v2\/comments?post=171718"}],"version-history":[{"count":1,"href":"https:\/\/www.politicosdosuldabahia.com.br\/v1\/wp-json\/wp\/v2\/posts\/171718\/revisions"}],"predecessor-version":[{"id":171719,"href":"https:\/\/www.politicosdosuldabahia.com.br\/v1\/wp-json\/wp\/v2\/posts\/171718\/revisions\/171719"}],"wp:attachment":[{"href":"https:\/\/www.politicosdosuldabahia.com.br\/v1\/wp-json\/wp\/v2\/media?parent=171718"}],"wp:term":[{"taxonomy":"category","embeddable":true,"href":"https:\/\/www.politicosdosuldabahia.com.br\/v1\/wp-json\/wp\/v2\/categories?post=171718"},{"taxonomy":"post_tag","embeddable":true,"href":"https:\/\/www.politicosdosuldabahia.com.br\/v1\/wp-json\/wp\/v2\/tags?post=171718"}],"curies":[{"name":"wp","href":"https:\/\/api.w.org\/{rel}","templated":true}]}}